{"@context":"https:\/\/schema.org\/","@type":"CollectionPage","@id":"https:\/\/www.praam.cz\/web\/#CollectionPage","headline":"Web Category","description":"","url":"https:\/\/www.praam.cz\/web\/","hasPart":[{"@type":"Article","@id":"https:\/\/www.praam.cz\/probouzet-se-pri-sumeni-vln\/","headline":"Probouzet se p\u0159i \u0161um\u011bn\u00ed vln","url":"https:\/\/www.praam.cz\/probouzet-se-pri-sumeni-vln\/","datePublished":"2023-12-19","dateModified":"2024-01-23","mainEntityOfPage":"https:\/\/www.praam.cz\/probouzet-se-pri-sumeni-vln\/","author":{"@type":"Person","@id":"https:\/\/www.praam.cz\/author\/#Person","name":"","url":"https:\/\/www.praam.cz\/author\/","identifier":1,"image":{"@type":"ImageObject","@id":"https:\/\/secure.gravatar.com\/avatar\/82449f5dd313bdc88befc1a2d3138ce45c5e7d5eeee84221e3cf7fbc184b80d3?s=96&d=mm&r=g","url":"https:\/\/secure.gravatar.com\/avatar\/82449f5dd313bdc88befc1a2d3138ce45c5e7d5eeee84221e3cf7fbc184b80d3?s=96&d=mm&r=g","height":96,"width":96}},"publisher":{"@type":"Organization","name":"praam.cz","logo":{"@type":"ImageObject","@id":"\/logo.png","url":"\/logo.png","width":600,"height":60}},"image":{"@type":"ImageObject","@id":"https:\/\/www.praam.cz\/wp-content\/uploads\/chorvatsko_10_1.jpg","url":"https:\/\/www.praam.cz\/wp-content\/uploads\/chorvatsko_10_1.jpg","height":0,"width":0},"keywords":null},{"@type":"Article","@id":"https:\/\/www.praam.cz\/vyzkousejte-nove-zazitky\/","headline":"Vyzkou\u0161ejte nov\u00e9 z\u00e1\u017eitky","url":"https:\/\/www.praam.cz\/vyzkousejte-nove-zazitky\/","datePublished":"2022-06-14","dateModified":"2023-05-03","mainEntityOfPage":"https:\/\/www.praam.cz\/vyzkousejte-nove-zazitky\/","author":{"@type":"Person","@id":"https:\/\/www.praam.cz\/author\/#Person","name":"","url":"https:\/\/www.praam.cz\/author\/","identifier":1,"image":{"@type":"ImageObject","@id":"https:\/\/secure.gravatar.com\/avatar\/82449f5dd313bdc88befc1a2d3138ce45c5e7d5eeee84221e3cf7fbc184b80d3?s=96&d=mm&r=g","url":"https:\/\/secure.gravatar.com\/avatar\/82449f5dd313bdc88befc1a2d3138ce45c5e7d5eeee84221e3cf7fbc184b80d3?s=96&d=mm&r=g","height":96,"width":96}},"publisher":{"@type":"Organization","name":"praam.cz","logo":{"@type":"ImageObject","@id":"\/logo.png","url":"\/logo.png","width":600,"height":60}},"image":{"@type":"ImageObject","@id":"https:\/\/www.praam.cz\/wp-content\/uploads\/pexels-sergey-torbik-7365442.jpg","url":"https:\/\/www.praam.cz\/wp-content\/uploads\/pexels-sergey-torbik-7365442.jpg","height":0,"width":0},"keywords":null},{"@type":"Article","@id":"https:\/\/www.praam.cz\/co-by-byl-obchod-bez-lidi\/","headline":"Co by byl obchod bez lid\u00ed?","url":"https:\/\/www.praam.cz\/co-by-byl-obchod-bez-lidi\/","datePublished":"2022-06-06","dateModified":"2022-06-06","mainEntityOfPage":"https:\/\/www.praam.cz\/co-by-byl-obchod-bez-lidi\/","author":{"@type":"Person","@id":"https:\/\/www.praam.cz\/author\/#Person","name":"","url":"https:\/\/www.praam.cz\/author\/","identifier":1,"image":{"@type":"ImageObject","@id":"https:\/\/secure.gravatar.com\/avatar\/82449f5dd313bdc88befc1a2d3138ce45c5e7d5eeee84221e3cf7fbc184b80d3?s=96&d=mm&r=g","url":"https:\/\/secure.gravatar.com\/avatar\/82449f5dd313bdc88befc1a2d3138ce45c5e7d5eeee84221e3cf7fbc184b80d3?s=96&d=mm&r=g","height":96,"width":96}},"publisher":{"@type":"Organization","name":"praam.cz","logo":{"@type":"ImageObject","@id":"\/logo.png","url":"\/logo.png","width":600,"height":60}},"image":{"@type":"ImageObject","@id":"https:\/\/www.praam.cz\/wp-content\/uploads\/www_pod_lupou_anfYpw.jpg","url":"https:\/\/www.praam.cz\/wp-content\/uploads\/www_pod_lupou_anfYpw.jpg","height":0,"width":0},"keywords":null},{"@type":"Article","@id":"https:\/\/www.praam.cz\/jak-realne-vyhubit-veskery-zivot-na-zemi\/","headline":"Jak re\u00e1ln\u011b vyhubit ve\u0161ker\u00fd \u017eivot na zemi?","url":"https:\/\/www.praam.cz\/jak-realne-vyhubit-veskery-zivot-na-zemi\/","datePublished":"2020-09-05","dateModified":"2023-05-03","mainEntityOfPage":"https:\/\/www.praam.cz\/jak-realne-vyhubit-veskery-zivot-na-zemi\/","author":{"@type":"Person","@id":"https:\/\/www.praam.cz\/author\/#Person","name":"","url":"https:\/\/www.praam.cz\/author\/","identifier":1,"image":{"@type":"ImageObject","@id":"https:\/\/secure.gravatar.com\/avatar\/82449f5dd313bdc88befc1a2d3138ce45c5e7d5eeee84221e3cf7fbc184b80d3?s=96&d=mm&r=g","url":"https:\/\/secure.gravatar.com\/avatar\/82449f5dd313bdc88befc1a2d3138ce45c5e7d5eeee84221e3cf7fbc184b80d3?s=96&d=mm&r=g","height":96,"width":96}},"publisher":{"@type":"Organization","name":"praam.cz","logo":{"@type":"ImageObject","@id":"\/logo.png","url":"\/logo.png","width":600,"height":60}},"image":{"@type":"ImageObject","@id":"https:\/\/www.praam.cz\/wp-content\/uploads\/img_a291881_w2172_t1504187914.jpg","url":"https:\/\/www.praam.cz\/wp-content\/uploads\/img_a291881_w2172_t1504187914.jpg","height":0,"width":0},"keywords":null},{"@type":"Article","@id":"https:\/\/www.praam.cz\/zabava-pro-vsechny-vekove-kategorie\/","headline":"Z\u00e1bava pro v\u0161echny v\u011bkov\u00e9 kategorie","url":"https:\/\/www.praam.cz\/zabava-pro-vsechny-vekove-kategorie\/","datePublished":"2019-09-02","dateModified":"2023-05-03","mainEntityOfPage":"https:\/\/www.praam.cz\/zabava-pro-vsechny-vekove-kategorie\/","author":{"@type":"Person","@id":"https:\/\/www.praam.cz\/author\/#Person","name":"","url":"https:\/\/www.praam.cz\/author\/","identifier":1,"image":{"@type":"ImageObject","@id":"https:\/\/secure.gravatar.com\/avatar\/82449f5dd313bdc88befc1a2d3138ce45c5e7d5eeee84221e3cf7fbc184b80d3?s=96&d=mm&r=g","url":"https:\/\/secure.gravatar.com\/avatar\/82449f5dd313bdc88befc1a2d3138ce45c5e7d5eeee84221e3cf7fbc184b80d3?s=96&d=mm&r=g","height":96,"width":96}},"publisher":{"@type":"Organization","name":"praam.cz","logo":{"@type":"ImageObject","@id":"\/logo.png","url":"\/logo.png","width":600,"height":60}},"image":{"@type":"ImageObject","@id":"https:\/\/www.praam.cz\/wp-content\/uploads\/img_a366148_w1751_t1578837788.jpg","url":"https:\/\/www.praam.cz\/wp-content\/uploads\/img_a366148_w1751_t1578837788.jpg","height":0,"width":0},"keywords":null},{"@type":"Article","@id":"https:\/\/www.praam.cz\/prvni-webova-stranka-jenz-spatril-svet\/","headline":"Prvn\u00ed webov\u00e1 str\u00e1nka, jen\u017e spat\u0159il sv\u011bt","url":"https:\/\/www.praam.cz\/prvni-webova-stranka-jenz-spatril-svet\/","datePublished":"2019-08-08","dateModified":"2023-05-03","mainEntityOfPage":"https:\/\/www.praam.cz\/prvni-webova-stranka-jenz-spatril-svet\/","author":{"@type":"Person","@id":"https:\/\/www.praam.cz\/author\/#Person","name":"","url":"https:\/\/www.praam.cz\/author\/","identifier":1,"image":{"@type":"ImageObject","@id":"https:\/\/secure.gravatar.com\/avatar\/82449f5dd313bdc88befc1a2d3138ce45c5e7d5eeee84221e3cf7fbc184b80d3?s=96&d=mm&r=g","url":"https:\/\/secure.gravatar.com\/avatar\/82449f5dd313bdc88befc1a2d3138ce45c5e7d5eeee84221e3cf7fbc184b80d3?s=96&d=mm&r=g","height":96,"width":96}},"publisher":{"@type":"Organization","name":"praam.cz","logo":{"@type":"ImageObject","@id":"\/logo.png","url":"\/logo.png","width":600,"height":60}},"image":{"@type":"ImageObject","@id":"https:\/\/www.praam.cz\/wp-content\/uploads\/img_a352563_w3351_t1567067080.jpg","url":"https:\/\/www.praam.cz\/wp-content\/uploads\/img_a352563_w3351_t1567067080.jpg","height":0,"width":0},"keywords":null},{"@type":"Article","@id":"https:\/\/www.praam.cz\/a-zase-ten-facebook\/","headline":"A zase ten Facebook","url":"https:\/\/www.praam.cz\/a-zase-ten-facebook\/","datePublished":"2018-11-25","dateModified":"2023-05-03","mainEntityOfPage":"https:\/\/www.praam.cz\/a-zase-ten-facebook\/","author":{"@type":"Person","@id":"https:\/\/www.praam.cz\/author\/#Person","name":"","url":"https:\/\/www.praam.cz\/author\/","identifier":1,"image":{"@type":"ImageObject","@id":"https:\/\/secure.gravatar.com\/avatar\/82449f5dd313bdc88befc1a2d3138ce45c5e7d5eeee84221e3cf7fbc184b80d3?s=96&d=mm&r=g","url":"https:\/\/secure.gravatar.com\/avatar\/82449f5dd313bdc88befc1a2d3138ce45c5e7d5eeee84221e3cf7fbc184b80d3?s=96&d=mm&r=g","height":96,"width":96}},"publisher":{"@type":"Organization","name":"praam.cz","logo":{"@type":"ImageObject","@id":"\/logo.png","url":"\/logo.png","width":600,"height":60}},"image":{"@type":"ImageObject","@id":"https:\/\/www.praam.cz\/wp-content\/uploads\/img_a335013_w2818_t1548436286.png","url":"https:\/\/www.praam.cz\/wp-content\/uploads\/img_a335013_w2818_t1548436286.png","height":0,"width":0},"keywords":null}]}