[{"@context":"https:\/\/schema.org\/","@type":"Article","@id":"https:\/\/www.praam.cz\/vyskytla-sa-potreba-nahle-sa-elegantne-obliect\/#Article","mainEntityOfPage":"https:\/\/www.praam.cz\/vyskytla-sa-potreba-nahle-sa-elegantne-obliect\/","headline":"Vyskytla sa potreba n\u00e1hle sa elegantne obliec\u0165?","name":"Vyskytla sa potreba n\u00e1hle sa elegantne obliec\u0165?","description":"Svadby, krstiny a plesy. U niektor\u00fdch ka\u017edoro\u010dn\u00e1 z\u00e1le\u017eitos\u0165, niekto ich nav\u0161tevuje len ve\u013emi sporadicky. Pri prehliadke \u0161atn\u00edkov r\u00f4znych \u013eud\u00ed je hne\u010f vidno, kto \u017eije ak\u00fdm spolo\u010densk\u00fdm \u017eivotom. \u017deny, ktor\u00e9 sa desia sukn\u00ed a \u0161iat v\u00e4\u010d\u0161inou tak\u00e9to honosn\u00e9 udalosti nenav\u0161tevuj\u00fa. Teda, okrem spom\u00ednan\u00fdch rodinn\u00fdch sl\u00e1vnost\u00ed. T\u00fdmto sa v\u00e4\u010d\u0161ina z n\u00e1s nevyhne a vtedy pr\u00edde okamih, kedy [&hellip;]","datePublished":"2023-11-14","dateModified":"2023-11-14","author":{"@type":"Person","@id":"https:\/\/www.praam.cz\/author\/#Person","name":"","url":"https:\/\/www.praam.cz\/author\/","identifier":1,"image":{"@type":"ImageObject","@id":"https:\/\/secure.gravatar.com\/avatar\/82449f5dd313bdc88befc1a2d3138ce45c5e7d5eeee84221e3cf7fbc184b80d3?s=96&d=mm&r=g","url":"https:\/\/secure.gravatar.com\/avatar\/82449f5dd313bdc88befc1a2d3138ce45c5e7d5eeee84221e3cf7fbc184b80d3?s=96&d=mm&r=g","height":96,"width":96}},"publisher":{"@type":"Organization","name":"praam.cz","logo":{"@type":"ImageObject","@id":"\/logo.png","url":"\/logo.png","width":600,"height":60}},"url":"https:\/\/www.praam.cz\/vyskytla-sa-potreba-nahle-sa-elegantne-obliect\/","wordCount":223,"articleBody":"Svadby, krstiny a plesy. U niektor\u00fdch ka\u017edoro\u010dn\u00e1 z\u00e1le\u017eitos\u0165, niekto ich nav\u0161tevuje len ve\u013emi sporadicky. Pri prehliadke \u0161atn\u00edkov r\u00f4znych \u013eud\u00ed je hne\u010f vidno, kto \u017eije ak\u00fdm spolo\u010densk\u00fdm \u017eivotom. \u017deny, ktor\u00e9 sa desia sukn\u00ed a \u0161iat v\u00e4\u010d\u0161inou tak\u00e9to honosn\u00e9 udalosti nenav\u0161tevuj\u00fa. Teda, okrem spom\u00ednan\u00fdch rodinn\u00fdch sl\u00e1vnost\u00ed. T\u00fdmto sa v\u00e4\u010d\u0161ina z n\u00e1s nevyhne a vtedy pr\u00edde okamih, kedy mus\u00edme odchodi\u0165 d\u017e\u00ednsy a tri\u010dk\u00e1. \u010co s t\u00fdm, ke\u010f si nem\u00e1te \u010do obliec\u0165? Nez\u00fafajte, ak nepozn\u00e1te obchody, do ktor\u00fdch sa v\u00e1m oplat\u00ed chodi\u0165. Zh\u00e1\u0148anie odevu na sl\u00e1vnostn\u00e9 pr\u00edle\u017eitosti pre \u017eenu nebolo nikdy \u013eah\u0161ie. Nechajte sa unies\u0165 na\u0161ou bohatou ponukou, v ktorej sa niekde iste nach\u00e1dza k\u00fasok, ktor\u00fd v\u00e1s bude na danej pr\u00edle\u017eitosti zdobi\u0165 od hlavy po p\u00e4ty.V\u00e1\u0161 sal\u00f3n kr\u00e1syBl\u00ed\u017ei sa plesov\u00e1 sez\u00f3na a vy h\u013ead\u00e1te dokonal\u00e9 spolo\u010densk\u00e9 \u0161aty, v ktor\u00fdch vydr\u017e\u00edte tancova\u0165 cel\u00fd ve\u010der, zakryj\u00fa to, \u010do chcete zakry\u0165 a nakoniec, budete v nich vyzera\u0165 absol\u00fatne bo\u017esky? U n\u00e1s si vyberiete z celosvetovo pred\u00e1van\u00fdch zna\u010diek a za ceny, ktor\u00e9 si budete m\u00f4c\u0165 dovoli\u0165.                                                                                                                                                                                                                                                                                                                                                                                        4\/5 - (6 votes)        "},{"@context":"https:\/\/schema.org\/","@type":"BreadcrumbList","itemListElement":[{"@type":"ListItem","position":1,"name":"Vyskytla sa potreba n\u00e1hle sa elegantne obliec\u0165?","item":"https:\/\/www.praam.cz\/vyskytla-sa-potreba-nahle-sa-elegantne-obliect\/#breadcrumbitem"}]}]