[{"@context":"https:\/\/schema.org\/","@type":"Article","@id":"https:\/\/www.praam.cz\/tehotenska-moda-co-se-vam-bude-hodit\/#Article","mainEntityOfPage":"https:\/\/www.praam.cz\/tehotenska-moda-co-se-vam-bude-hodit\/","headline":"T\u011bhotensk\u00e1 m\u00f3da \u2013 co se v\u00e1m bude hodit","name":"T\u011bhotensk\u00e1 m\u00f3da \u2013 co se v\u00e1m bude hodit","description":"Na rozd\u00edl od dob d\u00e1vno minul\u00fdch m\u00e1me dnes velk\u00fd v\u00fdb\u011br t\u011bhotensk\u00e9 m\u00f3dy, kter\u00e1 je nejen funk\u010dn\u00ed ale mnohdy i velice hezk\u00e1. A nav\u00edc u\u017e dnes nen\u00ed ani moc drah\u00e1. Co si m\u016f\u017eete po\u0159\u00eddit, abyste se nemusela b\u00e1t rostouc\u00edho b\u0159\u00ed\u0161ka lezouc\u00edho z\u00a0kr\u00e1tk\u00e9ho trika? \u0160aty T\u011bhotensk\u00e9 \u0161aty jsou z\u00e1klad. Budou se v\u00e1m hodit jak v\u00a0zim\u011b, tak i [&hellip;]","datePublished":"2020-09-21","dateModified":"2023-05-03","author":{"@type":"Person","@id":"https:\/\/www.praam.cz\/author\/#Person","name":"","url":"https:\/\/www.praam.cz\/author\/","identifier":1,"image":{"@type":"ImageObject","@id":"https:\/\/secure.gravatar.com\/avatar\/82449f5dd313bdc88befc1a2d3138ce45c5e7d5eeee84221e3cf7fbc184b80d3?s=96&d=mm&r=g","url":"https:\/\/secure.gravatar.com\/avatar\/82449f5dd313bdc88befc1a2d3138ce45c5e7d5eeee84221e3cf7fbc184b80d3?s=96&d=mm&r=g","height":96,"width":96}},"publisher":{"@type":"Organization","name":"praam.cz","logo":{"@type":"ImageObject","@id":"\/logo.png","url":"\/logo.png","width":600,"height":60}},"image":{"@type":"ImageObject","@id":"https:\/\/www.praam.cz\/wp-content\/uploads\/img_a339571_w2362_t1552751686.jpg","url":"https:\/\/www.praam.cz\/wp-content\/uploads\/img_a339571_w2362_t1552751686.jpg","height":0,"width":0},"url":"https:\/\/www.praam.cz\/tehotenska-moda-co-se-vam-bude-hodit\/","about":["N\u00e1kupy"],"wordCount":462,"articleBody":"\tNa rozd\u00edl od dob d\u00e1vno minul\u00fdch m\u00e1me dnes velk\u00fd v\u00fdb\u011br t\u011bhotensk\u00e9 m\u00f3dy, kter\u00e1 je nejen funk\u010dn\u00ed ale mnohdy i velice hezk\u00e1. A nav\u00edc u\u017e dnes nen\u00ed ani moc drah\u00e1. Co si m\u016f\u017eete po\u0159\u00eddit, abyste se nemusela b\u00e1t rostouc\u00edho b\u0159\u00ed\u0161ka lezouc\u00edho z\u00a0kr\u00e1tk\u00e9ho trika?\t\t\u0160aty\tT\u011bhotensk\u00e9 \u0161aty jsou z\u00e1klad. Budou se v\u00e1m hodit jak v\u00a0zim\u011b, tak i v\u00a0l\u00e9t\u011b. Prost\u011b v\u00a0ka\u017ed\u00e9 ro\u010dn\u00ed dob\u011b unos\u00edte pohodln\u00e9 \u0161aty, kter\u00e9 v\u00e1m poskytnou dostate\u010dn\u00fd prostor pro rostouc\u00ed b\u0159\u00ed\u0161ko a budete se v\u00a0nich c\u00edtit pohodln\u011b. Pokud si budete kupovat t\u011bhotensk\u00e9 \u0161aty, pak m\u00e1te mo\u017enost koupit si \u0161aty se zavazov\u00e1n\u00edm pod prsy, voln\u00e9 \u0161aty s\u00a0prostorem pro rostouc\u00ed b\u0159\u00ed\u0161ko, \u0161aty lacl\u00e1\u010de, kter\u00e9 u\u017e nejsou v\u00a0sou\u010dasn\u00e9 dob\u011b tolik v\u00a0m\u00f3d\u011b, ale st\u00e1le se nos\u00ed.\tLeg\u00edny\tK\u00a0\u0161at\u016fm se v\u00e1m budou hodit t\u011bhotensk\u00e9 pun\u010dochy nebo leg\u00edny. Ty klasick\u00e9 leg\u00edny a pun\u010dochy v\u00e1m toti\u017e budou zbyte\u010dn\u011b stla\u010dovat b\u0159\u00ed\u0161ko. T\u011bhotensk\u00e9 leg\u00edny \u010di pun\u010doch\u00e1\u010de ur\u010dit\u011b unos\u00edte, jsou toti\u017e extr\u00e9mn\u011b pohodln\u00e9, m\u016f\u017eete je nosit i doma k\u00a0pohodln\u00fdm \u0161at\u016fm a budete se c\u00edtit skv\u011ble.\t\tRifle \u010di kalhoty\tZ\u00e1kladn\u00edm kouskem do t\u011bhotensk\u00e9ho \u0161atn\u00edku jsou d\u017e\u00edny \u010di pohodln\u00e9 t\u011bhotensk\u00e9 kalhoty. Kalhoty ur\u010dit\u011b unos\u00edte do pr\u00e1ce i b\u011b\u017en\u011b do m\u011bsta. Ty t\u011bhotensk\u00e9 jsou v\u011bt\u0161inou s\u00a0pru\u017en\u00fdm n\u00e1pletem v\u00a0pase, kter\u00fd dr\u017e\u00ed na b\u0159i\u0161e a nikde netla\u010d\u00ed. Ob\u010das se daj\u00ed sehnat i t\u011bhotensk\u00e9 kalhoty s\u00a0gumou v\u00a0pase ale nejsou moc p\u0159\u00edjemn\u00e9.\tTri\u010dka a t\u00edlka\tDal\u0161\u00ed z\u00e1sadn\u00ed kousky do va\u0161eho \u0161atn\u00edku jsou tri\u010dka a t\u00edlka, kter\u00e1 m\u016f\u017eete m\u00edt jak v\u00a0t\u011bhotensk\u00e9 tak v\u00a0oby\u010dejn\u00e9 variant\u011b. Akor\u00e1t dbejte na to, aby tri\u010dka nebyly kr\u00e1tk\u00e9 a nelezlo v\u00e1m z\u00a0nich b\u0159\u00ed\u0161ko. V\u00fdhodou t\u011bchto tri\u010dek a t\u00edlek je, \u017ee je vyu\u017eijete i po porodu, proto\u017ee se v\u00a0nich v\u011bt\u0161inou dob\u0159e koj\u00ed. Tri\u010dek budete pot\u0159ebovat asi nejv\u00edc, ale zase velice dob\u0159e schnou a t\u00edm p\u00e1dem se daj\u00ed p\u0159eprat t\u0159eba ve\u010der a r\u00e1no je m\u00e1te \u010dist\u00e9.\tBunda\tPokud \u010dek\u00e1te miminko v\u00a0zim\u011b, budete nejsp\u00ed\u0161 pot\u0159ebovat je\u0161t\u011b n\u011bjakou bundu. Tento probl\u00e9m m\u016f\u017eete \u0159e\u0161it jak novou t\u011bhotenskou bundou, tak t\u0159eba p\u016fj\u010denou bundou od man\u017eela\/p\u0159\u00edtele.                                                                                                                                                                                                                                                                                                                                                                                        4.3\/5 - (11 votes)        "},{"@context":"https:\/\/schema.org\/","@type":"BreadcrumbList","itemListElement":[{"@type":"ListItem","position":1,"name":"T\u011bhotensk\u00e1 m\u00f3da \u2013 co se v\u00e1m bude hodit","item":"https:\/\/www.praam.cz\/tehotenska-moda-co-se-vam-bude-hodit\/#breadcrumbitem"}]}]