[{"@context":"https:\/\/schema.org\/","@type":"Article","@id":"https:\/\/www.praam.cz\/sklenene-lahve\/#Article","mainEntityOfPage":"https:\/\/www.praam.cz\/sklenene-lahve\/","headline":"Sklen\u011bn\u00e9 l\u00e1hve","name":"Sklen\u011bn\u00e9 l\u00e1hve","description":"L\u00edb\u00ed se v\u00e1m na\u0161e sklen\u011bn\u00e9 l\u00e1hve s uz\u00e1v\u011brem? Pokud ano, tak byste se m\u011bli rozhodnout hned te\u010f a vybrat si n\u011bjak\u00e9 modely z na\u0161\u00ed skv\u011bl\u00e9 nab\u00eddky, proto\u017ee my toho m\u00e1me opravdu hodn\u011b a jist\u011b to bude pro v\u00e1s n\u011bco u\u017eite\u010dn\u00e9ho, to je v\u00edce ne\u017e jasn\u00e9. My v\u00e1m mile r\u00e1di pom\u016f\u017eeme a v\u0161echno bude skv\u011bl\u00e9, proto\u017ee [&hellip;]","datePublished":"2018-02-05","dateModified":"2023-05-03","author":{"@type":"Person","@id":"https:\/\/www.praam.cz\/author\/#Person","name":"","url":"https:\/\/www.praam.cz\/author\/","identifier":1,"image":{"@type":"ImageObject","@id":"https:\/\/secure.gravatar.com\/avatar\/82449f5dd313bdc88befc1a2d3138ce45c5e7d5eeee84221e3cf7fbc184b80d3?s=96&d=mm&r=g","url":"https:\/\/secure.gravatar.com\/avatar\/82449f5dd313bdc88befc1a2d3138ce45c5e7d5eeee84221e3cf7fbc184b80d3?s=96&d=mm&r=g","height":96,"width":96}},"publisher":{"@type":"Organization","name":"praam.cz","logo":{"@type":"ImageObject","@id":"\/logo.png","url":"\/logo.png","width":600,"height":60}},"image":{"@type":"ImageObject","@id":"https:\/\/www.praam.cz\/wp-content\/uploads\/img_a312244_w2359_t1523265161.jpg","url":"https:\/\/www.praam.cz\/wp-content\/uploads\/img_a312244_w2359_t1523265161.jpg","height":0,"width":0},"url":"https:\/\/www.praam.cz\/sklenene-lahve\/","about":["N\u00e1kupy"],"wordCount":444,"articleBody":" L\u00edb\u00ed se v\u00e1m na\u0161e sklen\u011bn\u00e9 l\u00e1hve s uz\u00e1v\u011brem? Pokud ano, tak byste se m\u011bli rozhodnout hned te\u010f a vybrat si n\u011bjak\u00e9 modely z na\u0161\u00ed skv\u011bl\u00e9 nab\u00eddky, proto\u017ee my toho m\u00e1me opravdu hodn\u011b a jist\u011b to bude pro v\u00e1s n\u011bco u\u017eite\u010dn\u00e9ho, to je v\u00edce ne\u017e jasn\u00e9. My v\u00e1m mile r\u00e1di pom\u016f\u017eeme a v\u0161echno bude skv\u011bl\u00e9, proto\u017ee takhle budete m\u00edt kr\u00e1snou a stylovou, kvalitn\u00ed l\u00e1hev a nikdy se nestane, \u017ee byste m\u011bli t\u0159eba n\u011bkde \u017e\u00edze\u0148, proto\u017ee si to m\u016f\u017eete vz\u00edt s sebou do kabelky, do batohu, na t\u00faru, na v\u00fdlet nebo jen tak do m\u011bsta \u010di do pr\u00e1ce, je to jenom na v\u00e1s, tak se rozhodn\u011bte ale co nejrychleji, proto\u017ee kusy ub\u00fdvaj\u00ed.  V\u0161echno je za velice p\u0159ijateln\u00e9 ceny, kter\u00e9 se v\u00e1m budou moc l\u00edbit, proto\u017ee jsou opravdu p\u0159\u00edjemn\u00e9, tak\u017ee po t\u00e9to str\u00e1nce se tak\u00e9 ur\u010dit\u011b b\u00e1t nemus\u00edte, to je jasn\u00e9. Budete spokojen\u00ed po v\u0161ech str\u00e1nk\u00e1ch, proto\u017ee my ud\u011bl\u00e1me ve\u0161ker\u00e9 v\u011bci proto, abyste byli ve v\u0161em spokojen\u00ed, to je jasn\u00e9. Budeme se opravdu sna\u017eit. P\u0159ipojte se i vy k cel\u00e9 \u0159ad\u011b na\u0161ich na maximum spokojen\u00fdch klient\u016f a rozhodn\u011bte se hned, abyste se mezi n\u011b mohli v klidu za\u0159adit. N\u00edzk\u00e9 ceny Na\u0161e ceny jsou opravdu n\u00edzk\u00e9, tak\u017ee se b\u00e1t nemus\u00edte, \u017ee byste to nezvl\u00e1dli finan\u010dn\u011b. Je to i skv\u011bl\u00fd d\u00e1rek, pokud sh\u00e1n\u00edte n\u011bco opravdu skv\u011bl\u00e9ho, praktick\u00e9ho, kr\u00e1sn\u00e9ho a tylov\u00e9ho, tak se b\u00e1t nemus\u00edte. Budete spokojen\u00ed ve v\u0161ech sm\u011brech, tak nev\u00e1hejte a pod\u00edvejte se na na\u0161i nab\u00eddku, n\u011bco si vyberte a p\u0159esv\u011bd\u010dte se na vlastn\u00ed zku\u0161enost o na\u0161ich slovech. Nejen, \u017ee to vypad\u00e1 stylov\u011b, ale hlavn\u011b je to opravdu skv\u011bl\u00e9. Budete opravdu spokojen\u00ed, to v\u00e1m slibujeme, tak\u017ee nemus\u00edte m\u00edt v\u016fbec strach v ni\u010dem, to se nebojte. Nab\u00eddka je \u0161irok\u00e1. M\u016f\u017eete si vybrat podle velikosti, objem\u016f, tvaru, barvy uz\u00e1v\u011bru a podobn\u011b. Je zde n\u011bkolik mo\u017enost\u00ed, tak se nebojte.  V\u00fdhody  N\u00edzk\u00e9 ceny a vysok\u00e9 kvalita Dostupnost a v\u0161e skladem Velk\u00fd v\u00fdb\u011br Maxim\u00e1ln\u00ed spokojenost Pokud byste m\u011bli jak\u00fdkoliv dotaz, tak se nebojte zeptat a uvid\u00edte sami.                                                                                                                                                                                                                                                                                                                                                                                         4\/5 - (11 votes)        "},{"@context":"https:\/\/schema.org\/","@type":"BreadcrumbList","itemListElement":[{"@type":"ListItem","position":1,"name":"Sklen\u011bn\u00e9 l\u00e1hve","item":"https:\/\/www.praam.cz\/sklenene-lahve\/#breadcrumbitem"}]}]