[{"@context":"https:\/\/schema.org\/","@type":"Article","@id":"https:\/\/www.praam.cz\/pevna-okna-z-plastu\/#Article","mainEntityOfPage":"https:\/\/www.praam.cz\/pevna-okna-z-plastu\/","headline":"Pevn\u00e1 okna z\u00a0plastu","name":"Pevn\u00e1 okna z\u00a0plastu","description":"P\u0159em\u00fd\u0161l\u00edte o v\u00fdm\u011bn\u011b va\u0161ich st\u00e1vaj\u00edc\u00edch oken za nov\u00e1? Chce modern\u00ed a kvalitn\u00ed okna, s potvrzen\u00fdm p\u016fvodem profil\u016f, skv\u011bl\u00fdmi tepeln\u011b izola\u010dn\u00edmi i akustick\u00fdmi vlastnostmi, jednoduchou \u00fadr\u017ebou a skv\u011blou cenou? Pr\u00e1v\u011b pro v\u00e1s jsou tu plastov\u00e1 okna od firmy Decro Bzenec. Na\u0161e plastov\u00e1 okna maj\u00ed potvrzen\u00fd p\u016fvod profil\u016f z N\u011bmecka. Nestane se v\u00e1m, \u017ee by va\u0161e okenn\u00ed [&hellip;]","datePublished":"2025-01-09","dateModified":"2025-01-09","author":{"@type":"Person","@id":"https:\/\/www.praam.cz\/author\/#Person","name":"","url":"https:\/\/www.praam.cz\/author\/","identifier":1,"image":{"@type":"ImageObject","@id":"https:\/\/secure.gravatar.com\/avatar\/82449f5dd313bdc88befc1a2d3138ce45c5e7d5eeee84221e3cf7fbc184b80d3?s=96&d=mm&r=g","url":"https:\/\/secure.gravatar.com\/avatar\/82449f5dd313bdc88befc1a2d3138ce45c5e7d5eeee84221e3cf7fbc184b80d3?s=96&d=mm&r=g","height":96,"width":96}},"publisher":{"@type":"Organization","name":"praam.cz","logo":{"@type":"ImageObject","@id":"\/logo.png","url":"\/logo.png","width":600,"height":60}},"url":"https:\/\/www.praam.cz\/pevna-okna-z-plastu\/","wordCount":161,"articleBody":"P\u0159em\u00fd\u0161l\u00edte o v\u00fdm\u011bn\u011b va\u0161ich st\u00e1vaj\u00edc\u00edch oken za nov\u00e1? Chce modern\u00ed a kvalitn\u00ed okna, s potvrzen\u00fdm p\u016fvodem profil\u016f, skv\u011bl\u00fdmi tepeln\u011b izola\u010dn\u00edmi i akustick\u00fdmi vlastnostmi, jednoduchou \u00fadr\u017ebou a skv\u011blou cenou? Pr\u00e1v\u011b pro v\u00e1s jsou tu plastov\u00e1 okna od firmy Decro Bzenec. Na\u0161e plastov\u00e1 okna maj\u00ed potvrzen\u00fd p\u016fvod profil\u016f z N\u011bmecka. Nestane se v\u00e1m, \u017ee by va\u0161e okenn\u00ed profily poch\u00e1zeli z Polska, Bulharska, nebo dokonce nem\u011bli zapsanou zemi p\u016fvodu. Nav\u00edc m\u00e1 na\u0161e firma certifik\u00e1t \u010cekia, d\u00edky n\u011bmu\u017e v\u00edte, \u017ee jsme finan\u010dn\u011b vyrovnan\u00ed a schopni plnit na\u0161e z\u00e1vazky. Vy\u0161\u0161\u00ed kvalita za stejnou cenu Na\u0161e firma neinvestuje velk\u00e9 \u010d\u00e1stky do reklamy a d\u00edky tomu m\u016f\u017eeme na\u0161e plastov\u00e1 okna \u0161pi\u010dkov\u00e9 kvality prod\u00e1vat za cenu, u n\u00ed\u017e je kvalita u konkurence o \u00farove\u0148 n\u00ed\u017ee.                                                                                                                                                                                                                                                                                                                                                                                                "},{"@context":"https:\/\/schema.org\/","@type":"BreadcrumbList","itemListElement":[{"@type":"ListItem","position":1,"name":"Pevn\u00e1 okna z\u00a0plastu","item":"https:\/\/www.praam.cz\/pevna-okna-z-plastu\/#breadcrumbitem"}]}]