[{"@context":"https:\/\/schema.org\/","@type":"Article","@id":"https:\/\/www.praam.cz\/nudismus-neni-nuda\/#Article","mainEntityOfPage":"https:\/\/www.praam.cz\/nudismus-neni-nuda\/","headline":"Nudismus nen\u00ed nuda","name":"Nudismus nen\u00ed nuda","description":"M\u016fj prvn\u00ed z\u00e1\u017eitek s koup\u00e1n\u00edm bez plavek se odehr\u00e1l kolem m\u00e9ho dvac\u00e1t\u00e9ho roku. Pokud tedy nepo\u010d\u00edt\u00e1m sv\u00e9 ran\u00e9 d\u011btstv\u00ed. P\u0159ijeli tehdy v l\u00e9t\u011b na n\u00e1v\u0161t\u011bvu kamar\u00e1di z N\u011bmecka a vyrazili jsme spole\u010dn\u011b k m\u00edstn\u00edmu p\u00eds\u00e1ku. \u010clov\u011bk mohl le\u017eet na hlavn\u00ed pl\u00e1\u017ei nebo si naj\u00edt men\u0161\u00ed pl\u00e1\u017ei\u010dku pro sebe mezi stromy a ke\u0159i. Kdy\u017e jsme se [&hellip;]","datePublished":"2025-02-27","dateModified":"2023-05-03","author":{"@type":"Person","@id":"https:\/\/www.praam.cz\/author\/#Person","name":"","url":"https:\/\/www.praam.cz\/author\/","identifier":1,"image":{"@type":"ImageObject","@id":"https:\/\/secure.gravatar.com\/avatar\/82449f5dd313bdc88befc1a2d3138ce45c5e7d5eeee84221e3cf7fbc184b80d3?s=96&d=mm&r=g","url":"https:\/\/secure.gravatar.com\/avatar\/82449f5dd313bdc88befc1a2d3138ce45c5e7d5eeee84221e3cf7fbc184b80d3?s=96&d=mm&r=g","height":96,"width":96}},"publisher":{"@type":"Organization","name":"praam.cz","logo":{"@type":"ImageObject","@id":"\/logo.png","url":"\/logo.png","width":600,"height":60}},"image":{"@type":"ImageObject","@id":"https:\/\/www.praam.cz\/wp-content\/uploads\/img_a299321_w1967_t1509379916.jpg","url":"https:\/\/www.praam.cz\/wp-content\/uploads\/img_a299321_w1967_t1509379916.jpg","height":0,"width":0},"url":"https:\/\/www.praam.cz\/nudismus-neni-nuda\/","wordCount":451,"articleBody":" M\u016fj prvn\u00ed z\u00e1\u017eitek s koup\u00e1n\u00edm bez plavek se odehr\u00e1l kolem m\u00e9ho dvac\u00e1t\u00e9ho roku. Pokud tedy nepo\u010d\u00edt\u00e1m sv\u00e9 ran\u00e9 d\u011btstv\u00ed. P\u0159ijeli tehdy v l\u00e9t\u011b na n\u00e1v\u0161t\u011bvu kamar\u00e1di z N\u011bmecka a vyrazili jsme spole\u010dn\u011b k m\u00edstn\u00edmu p\u00eds\u00e1ku. \u010clov\u011bk mohl le\u017eet na hlavn\u00ed pl\u00e1\u017ei nebo si naj\u00edt men\u0161\u00ed pl\u00e1\u017ei\u010dku pro sebe mezi stromy a ke\u0159i. Kdy\u017e jsme se tam usadili a j\u00e1 za\u010dala vytahovat plavky, \u017ee si je pod ru\u010dn\u00edkem decentn\u011b nat\u00e1hnu, oba moji zn\u00e1m\u00ed (p\u00e1r) se svl\u00e9kli do naha, sko\u010dili do vody a volali, \u017ee je super tepl\u00e1, a\u0165 jdu honem taky. Nezmohla jsem se na slovo a bylo mi trapn\u00e9 se do plavek obl\u00e9kat. J\u00edt nah\u00e1 mi ale tak\u00e9 nebylo zrovna p\u0159\u00edjemn\u00e9, ov\u0161em co zb\u00fdvalo. Zvykla jsem si ale rychle a okoukala to. Od t\u00e9 doby koup\u00e1n\u00ed v plavk\u00e1ch a bez nich celkem pravideln\u011b st\u0159\u00edd\u00e1m, z\u00e1le\u017e\u00ed na m\u00edst\u011b a mo\u017enostech, kter\u00e9 se nab\u00edz\u00ed. V\u00fdhody nudismu \u00b7 Rovnom\u011brn\u011b se op\u00e1l\u00edte \u00b7 Nenastydnete od mokr\u00fdch plavek \u00b7 Pohyb ve vod\u011b je mnohem p\u0159\u00edjemn\u011bj\u0161\u00ed \u00b7 Nehroz\u00ed V\u00e1m takov\u00e9 riziko infekc\u00ed cest mo\u010dov\u00fdch a pohlavn\u00edch \u00b7 U\u0161et\u0159\u00edte za plavky Pokud m\u00e1te na zahrad\u011b vlastn\u00ed baz\u00e9n, koupete se mo\u017en\u00e1 tak\u00e9 naz\u00ed. V\u00e1\u0161 domek ov\u0161em nesm\u00ed st\u00e1t uprost\u0159ed m\u011bsta obklopen panel\u00e1ky. U rybn\u00edka \u010dlov\u011bk tak\u00e9 \u010dasto najde m\u00edsto, kde se m\u016f\u017ee bez obav vysvl\u00e9knout donaha a u n\u011bkter\u00fdch p\u00edsn\u00edk\u016f jsou i ofici\u00e1ln\u00ed nudistick\u00e9 pl\u00e1\u017ee, kde si m\u016f\u017eete naz\u00ed doj\u00edt i pro ob\u010derstven\u00ed. Nudist\u016fm vych\u00e1zej\u00ed vst\u0159\u00edc i mnoh\u00e9 l\u00e1zn\u011b a m\u011bstsk\u00e9 baz\u00e9ny a po\u0159\u00e1daj\u00ed pro n\u011b pravideln\u011b nudistick\u00e9 dny nebo ve\u010dery. Tenhle trend se k n\u00e1m dostal pr\u00e1v\u011b z N\u011bmecka, kde je i velmi obl\u00edben\u00e9 saunov\u00e1n\u00ed. U n\u00e1s se mi \u010dasto st\u00e1v\u00e1, \u017ee jdou lid\u00e9 do sauny v plavk\u00e1ch, proto\u017ee se styd\u00ed. I kdy\u017e je v\u0161ude ps\u00e1no, \u017ee vstup je pouze bez plavek. Pro stydl\u00edny nudismus ur\u010dit\u011b nen\u00ed, ale tak\u00e9 pro \u017e\u00e1dn\u00e9 \u010dumily. Nez\u016fstane dlouho bez reakce, kdy\u017e budete na nudistick\u00e9 pl\u00e1\u017ei okukovat intenzivn\u011b p\u0159irozen\u00ed a poprs\u00ed p\u0159\u00edtomn\u00fdch dam nebo p\u00e1n\u016f. Pokud tedy nem\u016f\u017eete bez plavek b\u00fdt, tak se pod\u00edvejte na str\u00e1nku , kde najdete tipy, co si na pl\u00e1\u017e obl\u00e9knout, abyste vypadali dob\u0159e.                                                                                                                                                                                                                                                                                                                                                                                        3.3\/5 - (13 votes)        "},{"@context":"https:\/\/schema.org\/","@type":"BreadcrumbList","itemListElement":[{"@type":"ListItem","position":1,"name":"Nudismus nen\u00ed nuda","item":"https:\/\/www.praam.cz\/nudismus-neni-nuda\/#breadcrumbitem"}]}]