[{"@context":"https:\/\/schema.org\/","@type":"Article","@id":"https:\/\/www.praam.cz\/novinka-v-nemocenskem-pojisteni-otcovska-dovolena\/#Article","mainEntityOfPage":"https:\/\/www.praam.cz\/novinka-v-nemocenskem-pojisteni-otcovska-dovolena\/","headline":"Novinka v nemocensk\u00e9m poji\u0161t\u011bn\u00ed \u2013 otcovsk\u00e1 dovolen\u00e1","name":"Novinka v nemocensk\u00e9m poji\u0161t\u011bn\u00ed \u2013 otcovsk\u00e1 dovolen\u00e1","description":"Otcovsk\u00e1 poporodn\u00ed p\u00e9\u010de, neboli otcovsk\u00e1 dovolen\u00e1 vch\u00e1z\u00ed v\u00a0platnost dnem 1. \u00fanora 2018. Jedn\u00e1 se o novou d\u00e1vku nemocensk\u00e9ho poji\u0161t\u011bn\u00ed, slou\u017e\u00edc\u00ed novope\u010den\u00fdm tat\u00ednk\u016fm, kte\u0159\u00ed se cht\u011bj\u00ed pod\u00edlet na p\u00e9\u010di o miminko a nemohou, nebo necht\u011bj\u00ed \u010derpat dovolenou. Otcovsk\u00e1, jako\u017eto d\u00e1vka nemocensk\u00e9ho poji\u0161t\u011bn\u00ed, se tedy t\u00fdk\u00e1 osob, kter\u00e9 odv\u00e1d\u011bj\u00ed pojistn\u00e9. Jsou to zam\u011bstnanci, nebo osoby samostatn\u011b v\u00fdd\u011ble\u010dn\u011b [&hellip;]","datePublished":"2017-11-23","dateModified":"2023-05-03","author":{"@type":"Person","@id":"https:\/\/www.praam.cz\/author\/#Person","name":"","url":"https:\/\/www.praam.cz\/author\/","identifier":1,"image":{"@type":"ImageObject","@id":"https:\/\/secure.gravatar.com\/avatar\/82449f5dd313bdc88befc1a2d3138ce45c5e7d5eeee84221e3cf7fbc184b80d3?s=96&d=mm&r=g","url":"https:\/\/secure.gravatar.com\/avatar\/82449f5dd313bdc88befc1a2d3138ce45c5e7d5eeee84221e3cf7fbc184b80d3?s=96&d=mm&r=g","height":96,"width":96}},"publisher":{"@type":"Organization","name":"praam.cz","logo":{"@type":"ImageObject","@id":"\/logo.png","url":"\/logo.png","width":600,"height":60}},"image":{"@type":"ImageObject","@id":"https:\/\/www.praam.cz\/wp-content\/uploads\/img_a305169_w2393_t1516694527.jpg","url":"https:\/\/www.praam.cz\/wp-content\/uploads\/img_a305169_w2393_t1516694527.jpg","height":0,"width":0},"url":"https:\/\/www.praam.cz\/novinka-v-nemocenskem-pojisteni-otcovska-dovolena\/","about":["Pen\u00edze"],"wordCount":432,"articleBody":"Otcovsk\u00e1 poporodn\u00ed p\u00e9\u010de, neboli otcovsk\u00e1 dovolen\u00e1 vch\u00e1z\u00ed v\u00a0platnost dnem 1. \u00fanora 2018. Jedn\u00e1 se o novou d\u00e1vku nemocensk\u00e9ho poji\u0161t\u011bn\u00ed, slou\u017e\u00edc\u00ed novope\u010den\u00fdm tat\u00ednk\u016fm, kte\u0159\u00ed se cht\u011bj\u00ed pod\u00edlet na p\u00e9\u010di o miminko a nemohou, nebo necht\u011bj\u00ed \u010derpat dovolenou.Otcovsk\u00e1, jako\u017eto d\u00e1vka nemocensk\u00e9ho poji\u0161t\u011bn\u00ed, se tedy t\u00fdk\u00e1 osob, kter\u00e9 odv\u00e1d\u011bj\u00ed pojistn\u00e9. Jsou to zam\u011bstnanci, nebo osoby samostatn\u011b v\u00fdd\u011ble\u010dn\u011b \u010dinn\u00e9, kter\u00e9 jsou dobrovoln\u011b k\u00a0nemocensk\u00e9mu poji\u0161t\u011bn\u00ed p\u0159ihl\u00e1\u0161eny. Osoby bez zam\u011bstn\u00e1n\u00ed, tedy na \u00fa\u0159adu pr\u00e1ce, nebo podnikatel\u00e9, kte\u0159\u00ed si poji\u0161t\u011bn\u00ed nehrad\u00ed, nemaj\u00ed n\u00e1rok.D\u00e1vku m\u016f\u017ee \u010derpat otec d\u00edt\u011bte, kter\u00fd je zaps\u00e1n v\u00a0jeho rodn\u00e9m list\u011b. \u017d\u00e1d\u00e1 se prost\u0159ednictv\u00edm zam\u011bstnavatele, nebo u osob samostatn\u011b v\u00fdd\u011ble\u010dn\u011b \u010dinn\u00fdch rovnou u p\u0159\u00edslu\u0161n\u00e9 Okresn\u00ed spr\u00e1vy soci\u00e1ln\u00edho zabezpe\u010den\u00ed dle m\u00edsta v\u00fdkonu podnik\u00e1n\u00ed.V\u00fd\u0161e d\u00e1vky \u010din\u00ed 70 % redukovan\u00e9ho denn\u00edho vym\u011b\u0159ovac\u00edho z\u00e1kladu, co\u017e je stejn\u011b jako u pen\u011b\u017eit\u00e9 pomoci v\u00a0mate\u0159stv\u00ed, kter\u00e1 je vypl\u00e1cena \u017een\u00e1m. D\u00e9lka, po kterou mohou otcov\u00e9 tuto d\u00e1vku pob\u00edrat, \u010din\u00ed sedm dn\u00ed. Vy\u010derpat toto volno mus\u00ed otec v\u00a0pr\u016fb\u011bhu \u0161esti t\u00fddn\u016f od narozen\u00ed d\u00edt\u011bte. Pozd\u011bji ji\u017e na n\u011bj n\u00e1rok nevznik\u00e1. V\u00a0p\u0159\u00edpad\u011b, \u017ee se narod\u00ed v\u00edce d\u011bt\u00ed, m\u016f\u017ee \u010derpat otec pouze jedno volno.Jeliko\u017e z\u00e1kon za\u010dne platit a\u017e od za\u010d\u00e1tku \u00fanora tohoto roku, m\u016f\u017eou na otcovskou tat\u00ednci nastoupit a\u017e od tohoto data. Vybrat si toto volno v\u0161ak mohou tak\u00e9 rodi\u010de d\u011bt\u00ed, kter\u00e9 se narodily \u0161est t\u00fddn\u016f p\u0159ed platnost\u00ed t\u00e9to novely, \u010dili od 21. 12. 2017 a pozd\u011bji.Vl\u00e1da n\u00e1vrh z\u00e1kona schv\u00e1lila teprve nyn\u00ed, v\u00a0zahrani\u010d\u00ed je v\u0161ak otcovsk\u00e1 dovolen\u00e1 naprosto b\u011b\u017en\u00e1.V\u00a0na\u0161ich podm\u00ednk\u00e1ch se museli novope\u010den\u00ed otcov\u00e9 spol\u00e9hat na dovolenou, kterou jim v\u0161ak zam\u011bstnavatel musel schv\u00e1lit. V\u00a0p\u0159\u00edpad\u011b otcovsk\u00e9 tomu tak nen\u00ed. \u017d\u00e1dosti o jej\u00ed \u010derp\u00e1n\u00ed je zam\u011bstnavatel povinen vyhov\u011bt stejn\u011b, jako by \u0161el zam\u011bstnanec nap\u0159\u00edklad na nemocenskou.Starosti s\u00a0dostatkem voln\u00fdch dn\u00ed nebo s\u00a0t\u00edm, zda volno v\u016fbec dostanou, si ji\u017e otcov\u00e9 miminek nemusej\u00ed d\u011blat. S\u00a0posv\u011bcen\u00edm st\u00e1tu tak mohou za\u017e\u00edvat prvn\u00ed radostn\u00e9 okam\u017eiky i starosti, kter\u00e9 s\u00a0p\u0159\u00edchodem miminka do rodiny souvisej\u00ed.                                                                                                                                                                                                                                                                                                                                                                                        4.6\/5 - (10 votes)        "},{"@context":"https:\/\/schema.org\/","@type":"BreadcrumbList","itemListElement":[{"@type":"ListItem","position":1,"name":"Novinka v nemocensk\u00e9m poji\u0161t\u011bn\u00ed \u2013 otcovsk\u00e1 dovolen\u00e1","item":"https:\/\/www.praam.cz\/novinka-v-nemocenskem-pojisteni-otcovska-dovolena\/#breadcrumbitem"}]}]