[{"@context":"https:\/\/schema.org\/","@type":"Article","@id":"https:\/\/www.praam.cz\/nebezpecne-a-bezpecne-destinace-pro-vasi-dovolenou\/#Article","mainEntityOfPage":"https:\/\/www.praam.cz\/nebezpecne-a-bezpecne-destinace-pro-vasi-dovolenou\/","headline":"Nebezpe\u010dn\u00e9 a bezpe\u010dn\u00e9 destinace pro va\u0161i dovolenou","name":"Nebezpe\u010dn\u00e9 a bezpe\u010dn\u00e9 destinace pro va\u0161i dovolenou","description":"Na dovolen\u00e9 v\u00e1s m\u016f\u017ee potkat nejedno ne\u010dekan\u00e9 ne\u0161t\u011bst\u00ed. Krom\u011b \u00faraz\u016f, nehod p\u0159i sportov\u00e1n\u00ed \u010di cestov\u00e1n\u00ed nebo otrav j\u00eddlem m\u016f\u017eete za\u017e\u00edt i situace, kter\u00e9 nem\u016f\u017eete nijak ovlivnit. Turist\u00e9 si \u010dasto st\u011b\u017euj\u00ed na \u0161patnou \u00farove\u0148 ubytov\u00e1n\u00ed, \u0161pinav\u00e9 pl\u00e1\u017ee a otravn\u00e9 domorodce, ale aktu\u00e1ln\u011b v\u00e1m hroz\u00ed nebezpe\u010d\u00ed teroristick\u00fdch \u00fatok\u016f nebo p\u0159\u00edrodn\u00edch katastrof i v\u00a0zem\u00edch, kam byste d\u0159\u00edv s\u00a0klidem [&hellip;]","datePublished":"2025-03-01","dateModified":"2023-05-03","author":{"@type":"Person","@id":"https:\/\/www.praam.cz\/author\/#Person","name":"","url":"https:\/\/www.praam.cz\/author\/","identifier":1,"image":{"@type":"ImageObject","@id":"https:\/\/secure.gravatar.com\/avatar\/82449f5dd313bdc88befc1a2d3138ce45c5e7d5eeee84221e3cf7fbc184b80d3?s=96&d=mm&r=g","url":"https:\/\/secure.gravatar.com\/avatar\/82449f5dd313bdc88befc1a2d3138ce45c5e7d5eeee84221e3cf7fbc184b80d3?s=96&d=mm&r=g","height":96,"width":96}},"publisher":{"@type":"Organization","name":"praam.cz","logo":{"@type":"ImageObject","@id":"\/logo.png","url":"\/logo.png","width":600,"height":60}},"image":{"@type":"ImageObject","@id":"https:\/\/www.praam.cz\/wp-content\/uploads\/img_a291681_w2162_t1504115954.jpg","url":"https:\/\/www.praam.cz\/wp-content\/uploads\/img_a291681_w2162_t1504115954.jpg","height":0,"width":0},"url":"https:\/\/www.praam.cz\/nebezpecne-a-bezpecne-destinace-pro-vasi-dovolenou\/","wordCount":482,"articleBody":"Na dovolen\u00e9 v\u00e1s m\u016f\u017ee potkat nejedno ne\u010dekan\u00e9 ne\u0161t\u011bst\u00ed. Krom\u011b \u00faraz\u016f, nehod p\u0159i sportov\u00e1n\u00ed \u010di cestov\u00e1n\u00ed nebo otrav j\u00eddlem m\u016f\u017eete za\u017e\u00edt i situace, kter\u00e9 nem\u016f\u017eete nijak ovlivnit. Turist\u00e9 si \u010dasto st\u011b\u017euj\u00ed na \u0161patnou \u00farove\u0148 ubytov\u00e1n\u00ed, \u0161pinav\u00e9 pl\u00e1\u017ee a otravn\u00e9 domorodce, ale aktu\u00e1ln\u011b v\u00e1m hroz\u00ed nebezpe\u010d\u00ed teroristick\u00fdch \u00fatok\u016f nebo p\u0159\u00edrodn\u00edch katastrof i v\u00a0zem\u00edch, kam byste d\u0159\u00edv s\u00a0klidem zam\u00ed\u0159ili.Nep\u0159\u00e1telsk\u00e9 \u017eivlyV\u00a0l\u00e9t\u011b 2017 zas\u00e1hly jih Evropy vlivem sucha rozs\u00e1hl\u00e9 po\u017e\u00e1ry, kter\u00e9 se nevyhnuly ani obl\u00edben\u00fdm letovisk\u016fm v\u00a0Chorvatsku a It\u00e1lii. Naopak z\u00e1plavy \u0159\u00e1dily v\u00a0Nep\u00e1lu. It\u00e1lii, \u0158ecko a Turecko tak\u00e9 zas\u00e1hla zem\u011bt\u0159esen\u00ed, kter\u00e1 se daj\u00ed jen t\u011b\u017eko p\u0159edv\u00eddat.Kolony na d\u00e1lniciP\u0159i cestov\u00e1n\u00ed na jih tak\u00e9 mus\u00edte v\u00a0letn\u00edch m\u011bs\u00edc\u00edch po\u010d\u00edtat s\u00a0n\u011bkolikahodinov\u00fdm \u010dek\u00e1n\u00edm v\u00a0kolon\u00e1ch na d\u00e1lnic\u00edch. Pokud nejste dostate\u010dn\u011b vybaveni pohonn\u00fdmi hmotami, vodou a j\u00eddlem, m\u016f\u017ee se cesta st\u00e1t no\u010dn\u00ed m\u016frou p\u0159edev\u0161\u00edm pro rodiny s\u00a0d\u011btmi.TerorismusNepokoje a teroristick\u00e9 \u00fatoky hroz\u00ed ve velk\u00fdch m\u011bstech z\u00e1padn\u00ed Evropy, kde bychom se d\u0159\u00edve c\u00edtili zcela v\u00a0bezpe\u010d\u00ed. V\u00a0d\u00e1nsk\u00e9 Kodani dlouhodob\u011b doch\u00e1z\u00ed k\u00a0nepokoj\u016fm a p\u0159est\u0159elk\u00e1m a terorismus u\u017e je bohu\u017eel st\u00e1le p\u0159\u00edtomn\u00fd ve Velk\u00e9 Brit\u00e1nii, Belgii, Francii, N\u011bmecku, \u0160pan\u011blsku, Nizozemsku, Turecku i dal\u0161\u00edch st\u00e1tech.V\u00e1lky a migraceV\u00e1lky a nepokoje prob\u00edhaj\u00ed v\u00a0rozs\u00e1hl\u00fdch oblastech Afriky a Bl\u00edzk\u00e9ho v\u00fdchodu. Ani na severu Afriky, kam d\u0159\u00edve \u010ce\u0161i hojn\u011b cestovali, se dnes u\u017e nem\u016f\u017eete c\u00edtit bezpe\u010dn\u011b. Konkr\u00e9tn\u011b to jsou: Egypt, Maroko a Tunisko. Z\u00a0Afriky tak\u00e9 proud\u00ed p\u0159es St\u0159edozemn\u00ed mo\u0159e ileg\u00e1ln\u00ed migranti a odn\u00e1\u0161\u00ed to nap\u0159\u00edklad \u0158ecko \u010di It\u00e1lie.Nebezpe\u010dn\u00e1 Latinsk\u00e1 AmerikaAni na Americk\u00e9m kontinentu u\u017e to s\u00a0cestov\u00e1n\u00edm nen\u00ed zrovna r\u016f\u017eov\u00e9. Podm\u00ednky pro n\u00e1v\u0161t\u011bvu USA neboKanady jsou celkem p\u0159\u00edsn\u00e9 a v\u00a0zem\u00edch Latinsk\u00e9 Ameriky to v\u0159e. Kritick\u00e1 je nyn\u00ed situace ve Venezuele, kter\u00e1 je na pokraji ob\u010dasn\u00e9 v\u00e1lky, ale \u0161patn\u00e1 situace je dlouhodob\u011b i v\u00a0Braz\u00edlii, kde krom\u011b nedemokratick\u00fdch postup\u016f prezidenta \u0159\u00e1d\u00ed drogov\u00e1 v\u00e1lka, stejn\u011b jako v\u00a0Mexiku.Bezpe\u010dn\u00e9 destinaceNaopak p\u0159i cestov\u00e1n\u00ed do t\u011bchto zem\u00ed a destinac\u00ed nemus\u00edte m\u00edt obavy: Arm\u00e9nie, Estonsko, Loty\u0161sko, Litva, Ma\u010farsko, Island, Irsko, Norsko, Finsko, \u0160v\u00fdcarsko, Slovinsko, Slovensko, Bulharsko, Rumunsko, Mold\u00e1vie, Litva, Polsko, Portugalsko, Malta, Ibiza, Mallorca, Menorca, Korsika, Sard\u00ednie, Japonsko, Seychely, Kostarika nebo Bahamy.\u0160\u0165astnou cestu a p\u0159\u00edjemnou dovolenou!                                                                                                                                                                                                                                                                                                                                                                                        4\/5 - (5 votes)        "},{"@context":"https:\/\/schema.org\/","@type":"BreadcrumbList","itemListElement":[{"@type":"ListItem","position":1,"name":"Nebezpe\u010dn\u00e9 a bezpe\u010dn\u00e9 destinace pro va\u0161i dovolenou","item":"https:\/\/www.praam.cz\/nebezpecne-a-bezpecne-destinace-pro-vasi-dovolenou\/#breadcrumbitem"}]}]