{"@context":"https:\/\/schema.org\/","@type":"CollectionPage","@id":"https:\/\/www.praam.cz\/nakupy\/#CollectionPage","headline":"N\u00e1kupy Category","description":"","url":"https:\/\/www.praam.cz\/nakupy\/","hasPart":[{"@type":"Article","@id":"https:\/\/www.praam.cz\/maca-je-velmi-odolna\/","headline":"Maca je velmi odoln\u00e1","url":"https:\/\/www.praam.cz\/maca-je-velmi-odolna\/","datePublished":"2020-07-18","dateModified":"2023-05-03","mainEntityOfPage":"https:\/\/www.praam.cz\/maca-je-velmi-odolna\/","author":{"@type":"Person","@id":"https:\/\/www.praam.cz\/author\/#Person","name":"","url":"https:\/\/www.praam.cz\/author\/","identifier":1,"image":{"@type":"ImageObject","@id":"https:\/\/secure.gravatar.com\/avatar\/82449f5dd313bdc88befc1a2d3138ce45c5e7d5eeee84221e3cf7fbc184b80d3?s=96&d=mm&r=g","url":"https:\/\/secure.gravatar.com\/avatar\/82449f5dd313bdc88befc1a2d3138ce45c5e7d5eeee84221e3cf7fbc184b80d3?s=96&d=mm&r=g","height":96,"width":96}},"publisher":{"@type":"Organization","name":"praam.cz","logo":{"@type":"ImageObject","@id":"\/logo.png","url":"\/logo.png","width":600,"height":60}},"image":{"@type":"ImageObject","@id":"https:\/\/www.praam.cz\/wp-content\/uploads\/maca%20ko%C5%99en.jpg","url":"https:\/\/www.praam.cz\/wp-content\/uploads\/maca%20ko%C5%99en.jpg","height":0,"width":0},"keywords":null},{"@type":"Article","@id":"https:\/\/www.praam.cz\/uberte-na-vaze-neni-to-slozite\/","headline":"Uberte na v\u00e1ze. Nen\u00ed to slo\u017eit\u00e9","url":"https:\/\/www.praam.cz\/uberte-na-vaze-neni-to-slozite\/","datePublished":"2020-07-14","dateModified":"2024-06-04","mainEntityOfPage":"https:\/\/www.praam.cz\/uberte-na-vaze-neni-to-slozite\/","author":{"@type":"Person","@id":"https:\/\/www.praam.cz\/author\/#Person","name":"","url":"https:\/\/www.praam.cz\/author\/","identifier":1,"image":{"@type":"ImageObject","@id":"https:\/\/secure.gravatar.com\/avatar\/82449f5dd313bdc88befc1a2d3138ce45c5e7d5eeee84221e3cf7fbc184b80d3?s=96&d=mm&r=g","url":"https:\/\/secure.gravatar.com\/avatar\/82449f5dd313bdc88befc1a2d3138ce45c5e7d5eeee84221e3cf7fbc184b80d3?s=96&d=mm&r=g","height":96,"width":96}},"publisher":{"@type":"Organization","name":"praam.cz","logo":{"@type":"ImageObject","@id":"\/logo.png","url":"\/logo.png","width":600,"height":60}},"image":{"@type":"ImageObject","@id":"https:\/\/www.praam.cz\/wp-content\/uploads\/art384895_3x2_20260821_063733_rbDyOc.jpg","url":"https:\/\/www.praam.cz\/wp-content\/uploads\/art384895_3x2_20260821_063733_rbDyOc.jpg","height":0,"width":0},"keywords":null},{"@type":"Article","@id":"https:\/\/www.praam.cz\/bavlneny-textil-je-prakticky-ale-predevsim-pohodlny\/","headline":"Bavln\u011bn\u00fd textil je praktick\u00fd, ale p\u0159edev\u0161\u00edm pohodln\u00fd","url":"https:\/\/www.praam.cz\/bavlneny-textil-je-prakticky-ale-predevsim-pohodlny\/","datePublished":"2020-07-12","dateModified":"2023-05-03","mainEntityOfPage":"https:\/\/www.praam.cz\/bavlneny-textil-je-prakticky-ale-predevsim-pohodlny\/","author":{"@type":"Person","@id":"https:\/\/www.praam.cz\/author\/#Person","name":"","url":"https:\/\/www.praam.cz\/author\/","identifier":1,"image":{"@type":"ImageObject","@id":"https:\/\/secure.gravatar.com\/avatar\/82449f5dd313bdc88befc1a2d3138ce45c5e7d5eeee84221e3cf7fbc184b80d3?s=96&d=mm&r=g","url":"https:\/\/secure.gravatar.com\/avatar\/82449f5dd313bdc88befc1a2d3138ce45c5e7d5eeee84221e3cf7fbc184b80d3?s=96&d=mm&r=g","height":96,"width":96}},"publisher":{"@type":"Organization","name":"praam.cz","logo":{"@type":"ImageObject","@id":"\/logo.png","url":"\/logo.png","width":600,"height":60}},"image":{"@type":"ImageObject","@id":"https:\/\/www.praam.cz\/wp-content\/uploads\/tri%C4%8Dka%20na%20ram%C3%ADnku.JPG","url":"https:\/\/www.praam.cz\/wp-content\/uploads\/tri%C4%8Dka%20na%20ram%C3%ADnku.JPG","height":0,"width":0},"keywords":null},{"@type":"Article","@id":"https:\/\/www.praam.cz\/prozijte-opravdove-milovani\/","headline":"Pro\u017eijte opravdov\u00e9 milov\u00e1n\u00ed","url":"https:\/\/www.praam.cz\/prozijte-opravdove-milovani\/","datePublished":"2020-01-26","dateModified":"2023-05-03","mainEntityOfPage":"https:\/\/www.praam.cz\/prozijte-opravdove-milovani\/","author":{"@type":"Person","@id":"https:\/\/www.praam.cz\/author\/#Person","name":"","url":"https:\/\/www.praam.cz\/author\/","identifier":1,"image":{"@type":"ImageObject","@id":"https:\/\/secure.gravatar.com\/avatar\/82449f5dd313bdc88befc1a2d3138ce45c5e7d5eeee84221e3cf7fbc184b80d3?s=96&d=mm&r=g","url":"https:\/\/secure.gravatar.com\/avatar\/82449f5dd313bdc88befc1a2d3138ce45c5e7d5eeee84221e3cf7fbc184b80d3?s=96&d=mm&r=g","height":96,"width":96}},"publisher":{"@type":"Organization","name":"praam.cz","logo":{"@type":"ImageObject","@id":"\/logo.png","url":"\/logo.png","width":600,"height":60}},"image":{"@type":"ImageObject","@id":"https:\/\/www.praam.cz\/wp-content\/uploads\/img_a374756_w2053_t1586421354.jpg","url":"https:\/\/www.praam.cz\/wp-content\/uploads\/img_a374756_w2053_t1586421354.jpg","height":0,"width":0},"keywords":null},{"@type":"Article","@id":"https:\/\/www.praam.cz\/uvarte-si-neco-ze-svetove-kuchyne\/","headline":"Uva\u0159te si n\u011bco ze sv\u011btov\u00e9 kuchyn\u011b","url":"https:\/\/www.praam.cz\/uvarte-si-neco-ze-svetove-kuchyne\/","datePublished":"2019-12-21","dateModified":"2024-02-19","mainEntityOfPage":"https:\/\/www.praam.cz\/uvarte-si-neco-ze-svetove-kuchyne\/","author":{"@type":"Person","@id":"https:\/\/www.praam.cz\/author\/#Person","name":"","url":"https:\/\/www.praam.cz\/author\/","identifier":1,"image":{"@type":"ImageObject","@id":"https:\/\/secure.gravatar.com\/avatar\/82449f5dd313bdc88befc1a2d3138ce45c5e7d5eeee84221e3cf7fbc184b80d3?s=96&d=mm&r=g","url":"https:\/\/secure.gravatar.com\/avatar\/82449f5dd313bdc88befc1a2d3138ce45c5e7d5eeee84221e3cf7fbc184b80d3?s=96&d=mm&r=g","height":96,"width":96}},"publisher":{"@type":"Organization","name":"praam.cz","logo":{"@type":"ImageObject","@id":"\/logo.png","url":"\/logo.png","width":600,"height":60}},"image":{"@type":"ImageObject","@id":"https:\/\/www.praam.cz\/wp-content\/uploads\/img_a378325_w3351_t1589527492.jpg","url":"https:\/\/www.praam.cz\/wp-content\/uploads\/img_a378325_w3351_t1589527492.jpg","height":0,"width":0},"keywords":null},{"@type":"Article","@id":"https:\/\/www.praam.cz\/stanovani-z-mody-nemizi\/","headline":"Stanov\u00e1n\u00ed z m\u00f3dy nemiz\u00ed!","url":"https:\/\/www.praam.cz\/stanovani-z-mody-nemizi\/","datePublished":"2019-09-22","dateModified":"2023-05-03","mainEntityOfPage":"https:\/\/www.praam.cz\/stanovani-z-mody-nemizi\/","author":{"@type":"Person","@id":"https:\/\/www.praam.cz\/author\/#Person","name":"","url":"https:\/\/www.praam.cz\/author\/","identifier":1,"image":{"@type":"ImageObject","@id":"https:\/\/secure.gravatar.com\/avatar\/82449f5dd313bdc88befc1a2d3138ce45c5e7d5eeee84221e3cf7fbc184b80d3?s=96&d=mm&r=g","url":"https:\/\/secure.gravatar.com\/avatar\/82449f5dd313bdc88befc1a2d3138ce45c5e7d5eeee84221e3cf7fbc184b80d3?s=96&d=mm&r=g","height":96,"width":96}},"publisher":{"@type":"Organization","name":"praam.cz","logo":{"@type":"ImageObject","@id":"\/logo.png","url":"\/logo.png","width":600,"height":60}},"image":{"@type":"ImageObject","@id":"https:\/\/www.praam.cz\/wp-content\/uploads\/img_a367570_w2104_t1580051429.jpg","url":"https:\/\/www.praam.cz\/wp-content\/uploads\/img_a367570_w2104_t1580051429.jpg","height":0,"width":0},"keywords":null},{"@type":"Article","@id":"https:\/\/www.praam.cz\/co-oci-nevidi\/","headline":"Co o\u010di nevid\u00ed\u2026","url":"https:\/\/www.praam.cz\/co-oci-nevidi\/","datePublished":"2019-09-22","dateModified":"2023-05-03","mainEntityOfPage":"https:\/\/www.praam.cz\/co-oci-nevidi\/","author":{"@type":"Person","@id":"https:\/\/www.praam.cz\/author\/#Person","name":"","url":"https:\/\/www.praam.cz\/author\/","identifier":1,"image":{"@type":"ImageObject","@id":"https:\/\/secure.gravatar.com\/avatar\/82449f5dd313bdc88befc1a2d3138ce45c5e7d5eeee84221e3cf7fbc184b80d3?s=96&d=mm&r=g","url":"https:\/\/secure.gravatar.com\/avatar\/82449f5dd313bdc88befc1a2d3138ce45c5e7d5eeee84221e3cf7fbc184b80d3?s=96&d=mm&r=g","height":96,"width":96}},"publisher":{"@type":"Organization","name":"praam.cz","logo":{"@type":"ImageObject","@id":"\/logo.png","url":"\/logo.png","width":600,"height":60}},"image":{"@type":"ImageObject","@id":"https:\/\/www.praam.cz\/wp-content\/uploads\/img_a365370_w3351_t1578241850.jpg","url":"https:\/\/www.praam.cz\/wp-content\/uploads\/img_a365370_w3351_t1578241850.jpg","height":0,"width":0},"keywords":null},{"@type":"Article","@id":"https:\/\/www.praam.cz\/chcete-dobre-spat-vyberte-si-kvalitni-postel\/","headline":"Chcete dob\u0159e sp\u00e1t? Vyberte si kvalitn\u00ed postel!","url":"https:\/\/www.praam.cz\/chcete-dobre-spat-vyberte-si-kvalitni-postel\/","datePublished":"2019-03-04","dateModified":"2023-10-10","mainEntityOfPage":"https:\/\/www.praam.cz\/chcete-dobre-spat-vyberte-si-kvalitni-postel\/","author":{"@type":"Person","@id":"https:\/\/www.praam.cz\/author\/#Person","name":"","url":"https:\/\/www.praam.cz\/author\/","identifier":1,"image":{"@type":"ImageObject","@id":"https:\/\/secure.gravatar.com\/avatar\/82449f5dd313bdc88befc1a2d3138ce45c5e7d5eeee84221e3cf7fbc184b80d3?s=96&d=mm&r=g","url":"https:\/\/secure.gravatar.com\/avatar\/82449f5dd313bdc88befc1a2d3138ce45c5e7d5eeee84221e3cf7fbc184b80d3?s=96&d=mm&r=g","height":96,"width":96}},"publisher":{"@type":"Organization","name":"praam.cz","logo":{"@type":"ImageObject","@id":"\/logo.png","url":"\/logo.png","width":600,"height":60}},"image":{"@type":"ImageObject","@id":"https:\/\/www.praam.cz\/wp-content\/uploads\/img_a342085_w1693_t1554983719.jpg","url":"https:\/\/www.praam.cz\/wp-content\/uploads\/img_a342085_w1693_t1554983719.jpg","height":0,"width":0},"keywords":null},{"@type":"Article","@id":"https:\/\/www.praam.cz\/umely-kamen-technistone\/","headline":"Um\u011bl\u00fd k\u00e1men Technistone","url":"https:\/\/www.praam.cz\/umely-kamen-technistone\/","datePublished":"2019-02-09","dateModified":"2023-05-03","mainEntityOfPage":"https:\/\/www.praam.cz\/umely-kamen-technistone\/","author":{"@type":"Person","@id":"https:\/\/www.praam.cz\/author\/#Person","name":"","url":"https:\/\/www.praam.cz\/author\/","identifier":1,"image":{"@type":"ImageObject","@id":"https:\/\/secure.gravatar.com\/avatar\/82449f5dd313bdc88befc1a2d3138ce45c5e7d5eeee84221e3cf7fbc184b80d3?s=96&d=mm&r=g","url":"https:\/\/secure.gravatar.com\/avatar\/82449f5dd313bdc88befc1a2d3138ce45c5e7d5eeee84221e3cf7fbc184b80d3?s=96&d=mm&r=g","height":96,"width":96}},"publisher":{"@type":"Organization","name":"praam.cz","logo":{"@type":"ImageObject","@id":"\/logo.png","url":"\/logo.png","width":600,"height":60}},"image":{"@type":"ImageObject","@id":"https:\/\/www.praam.cz\/wp-content\/uploads\/img_a339332_w1690_t1552557873.jpg","url":"https:\/\/www.praam.cz\/wp-content\/uploads\/img_a339332_w1690_t1552557873.jpg","height":0,"width":0},"keywords":null},{"@type":"Article","@id":"https:\/\/www.praam.cz\/trampolina-305-cm-jako-idealni-pomucka-pro-telesnou-a-dusevni-svezest\/","headline":"Trampol\u00edna 305 cm jako ide\u00e1ln\u00ed pom\u016fcka pro t\u011blesnou a du\u0161evn\u00ed sv\u011b\u017eest","url":"https:\/\/www.praam.cz\/trampolina-305-cm-jako-idealni-pomucka-pro-telesnou-a-dusevni-svezest\/","datePublished":"2019-02-09","dateModified":"2023-05-03","mainEntityOfPage":"https:\/\/www.praam.cz\/trampolina-305-cm-jako-idealni-pomucka-pro-telesnou-a-dusevni-svezest\/","author":{"@type":"Person","@id":"https:\/\/www.praam.cz\/author\/#Person","name":"","url":"https:\/\/www.praam.cz\/author\/","identifier":1,"image":{"@type":"ImageObject","@id":"https:\/\/secure.gravatar.com\/avatar\/82449f5dd313bdc88befc1a2d3138ce45c5e7d5eeee84221e3cf7fbc184b80d3?s=96&d=mm&r=g","url":"https:\/\/secure.gravatar.com\/avatar\/82449f5dd313bdc88befc1a2d3138ce45c5e7d5eeee84221e3cf7fbc184b80d3?s=96&d=mm&r=g","height":96,"width":96}},"publisher":{"@type":"Organization","name":"praam.cz","logo":{"@type":"ImageObject","@id":"\/logo.png","url":"\/logo.png","width":600,"height":60}},"image":{"@type":"ImageObject","@id":"https:\/\/www.praam.cz\/wp-content\/uploads\/img_a337991_w1743_t1550833656.png","url":"https:\/\/www.praam.cz\/wp-content\/uploads\/img_a337991_w1743_t1550833656.png","height":0,"width":0},"keywords":null}]}