[{"@context":"https:\/\/schema.org\/","@type":"Article","@id":"https:\/\/www.praam.cz\/hlidejte-si-sve-deti\/#Article","mainEntityOfPage":"https:\/\/www.praam.cz\/hlidejte-si-sve-deti\/","headline":"Hl\u00eddejte si sv\u00e9 d\u011bti","name":"Hl\u00eddejte si sv\u00e9 d\u011bti","description":"Tuto v\u011btu jste za sv\u016fj \u017eivot jist\u011b sly\u0161eli nespo\u010detn\u011bkr\u00e1t. D\u011bti mus\u00edte hl\u00eddat v bl\u00edzkosti silnic, p\u0159ed podivn\u011b vypadaj\u00edc\u00edmi ciz\u00edmi lidmi nebo p\u0159ed \u00farazy zp\u016fsoben\u00fdmi jejich nerozv\u00e1\u017enost\u00ed. Velmi d\u016fle\u017eit\u00e9 je i to, abyste za\u010dali v\u010das sledovat jejich n\u00e1vyky v oblasti sezen\u00ed u po\u010d\u00edta\u010de \u010di televize. Na prvn\u00ed pohled se V\u00e1m to m\u016f\u017ee jevit jako hloupost, ale [&hellip;]","datePublished":"2024-12-06","dateModified":"2024-12-06","author":{"@type":"Person","@id":"https:\/\/www.praam.cz\/author\/#Person","name":"","url":"https:\/\/www.praam.cz\/author\/","identifier":1,"image":{"@type":"ImageObject","@id":"https:\/\/secure.gravatar.com\/avatar\/82449f5dd313bdc88befc1a2d3138ce45c5e7d5eeee84221e3cf7fbc184b80d3?s=96&d=mm&r=g","url":"https:\/\/secure.gravatar.com\/avatar\/82449f5dd313bdc88befc1a2d3138ce45c5e7d5eeee84221e3cf7fbc184b80d3?s=96&d=mm&r=g","height":96,"width":96}},"publisher":{"@type":"Organization","name":"praam.cz","logo":{"@type":"ImageObject","@id":"\/logo.png","url":"\/logo.png","width":600,"height":60}},"url":"https:\/\/www.praam.cz\/hlidejte-si-sve-deti\/","wordCount":182,"articleBody":"Tuto v\u011btu jste za sv\u016fj \u017eivot jist\u011b sly\u0161eli nespo\u010detn\u011bkr\u00e1t. D\u011bti mus\u00edte hl\u00eddat v bl\u00edzkosti silnic, p\u0159ed podivn\u011b vypadaj\u00edc\u00edmi ciz\u00edmi lidmi nebo p\u0159ed \u00farazy zp\u016fsoben\u00fdmi jejich nerozv\u00e1\u017enost\u00ed. Velmi d\u016fle\u017eit\u00e9 je i to, abyste za\u010dali v\u010das sledovat jejich n\u00e1vyky v oblasti sezen\u00ed u po\u010d\u00edta\u010de \u010di televize. Na prvn\u00ed pohled se V\u00e1m to m\u016f\u017ee jevit jako hloupost, ale p\u0159ich\u00e1zej\u00edc\u00ed bolest zad hloupost rozhodn\u011b nen\u00ed. Osvojte si spr\u00e1vn\u00e9 n\u00e1vyky pro cel\u00fd \u017eivot Pokud sv\u00e9 d\u011bti i sebe nau\u010d\u00edte spr\u00e1vn\u00e9mu sezen\u00ed ji\u017e te\u010f, m\u016f\u017eete si b\u00fdt jist\u00ed, \u017ee se V\u00e1m bolesti zad i jak\u00e9koliv jin\u00e9 \u010d\u00e1sti t\u011bla vyhnou obloukem. Na p\u00e1te\u0159 je d\u016fle\u017eit\u00e9 za\u010d\u00edt myslet u\u017e v dosp\u00edv\u00e1n\u00ed, proto\u017ee pr\u00e1v\u011b v tomto v\u011bku tr\u00e1v\u00ed modern\u00ed d\u011bti velk\u00e9 mno\u017estv\u00ed \u010dasu sezen\u00edm u sv\u00fdch obl\u00edben\u00fdch po\u010d\u00edta\u010dov\u00fdch her.                                                                                                                                                                                                                                                                                                                                                                                        4\/5 - (3 votes)        "},{"@context":"https:\/\/schema.org\/","@type":"BreadcrumbList","itemListElement":[{"@type":"ListItem","position":1,"name":"Hl\u00eddejte si sv\u00e9 d\u011bti","item":"https:\/\/www.praam.cz\/hlidejte-si-sve-deti\/#breadcrumbitem"}]}]