[{"@context":"https:\/\/schema.org\/","@type":"Article","@id":"https:\/\/www.praam.cz\/co-se-mi-libi-na-novostavbach-typu-bungalovu\/#Article","mainEntityOfPage":"https:\/\/www.praam.cz\/co-se-mi-libi-na-novostavbach-typu-bungalovu\/","headline":"Co se mi l\u00edb\u00ed na novostavb\u00e1ch typu bungalovu","name":"Co se mi l\u00edb\u00ed na novostavb\u00e1ch typu bungalovu","description":"Ka\u017ed\u00fd z n\u00e1s m\u016f\u017ee m\u00edt odli\u0161n\u00fd https:\/\/www.zive.cz\/odlisny-vzhled\/at-1054515\/default.aspx n\u00e1zor na zp\u016fsob bydlen\u00ed i \u017eivotn\u00ed styl. Nen\u00ed tedy moudr\u00e9 tvrdit, \u017ee nap\u0159\u00edklad pouze patrov\u00e9 rodinn\u00e9 domy se sedlovou st\u0159echou jsou ta spr\u00e1vn\u00e1 \u0159e\u0161en\u00ed a \u017ee by se m\u011bly stav\u011bt v\u0161ude a nahradit jin\u00e9 domy, kter\u00e9 vypadaj\u00ed jinak. J\u00e1 osobn\u011b m\u00e1m t\u0159eba na to n\u00e1zor takov\u00fd, \u017ee bych [&hellip;]","datePublished":"2025-10-04","dateModified":"2025-10-04","author":{"@type":"Person","@id":"https:\/\/www.praam.cz\/author\/#Person","name":"","url":"https:\/\/www.praam.cz\/author\/","identifier":1,"image":{"@type":"ImageObject","@id":"https:\/\/secure.gravatar.com\/avatar\/82449f5dd313bdc88befc1a2d3138ce45c5e7d5eeee84221e3cf7fbc184b80d3?s=96&d=mm&r=g","url":"https:\/\/secure.gravatar.com\/avatar\/82449f5dd313bdc88befc1a2d3138ce45c5e7d5eeee84221e3cf7fbc184b80d3?s=96&d=mm&r=g","height":96,"width":96}},"publisher":{"@type":"Organization","name":"praam.cz","logo":{"@type":"ImageObject","@id":"\/logo.png","url":"\/logo.png","width":600,"height":60}},"image":{"@type":"ImageObject","@id":"https:\/\/www.praam.cz\/wp-content\/uploads\/lawn-mower-2127637_640.jpg","url":"https:\/\/www.praam.cz\/wp-content\/uploads\/lawn-mower-2127637_640.jpg","height":0,"width":0},"url":"https:\/\/www.praam.cz\/co-se-mi-libi-na-novostavbach-typu-bungalovu\/","about":["D\u016fm a byt"],"wordCount":436,"articleBody":"      Ka\u017ed\u00fd z n\u00e1s m\u016f\u017ee m\u00edt odli\u0161n\u00fd  https:\/\/www.zive.cz\/odlisny-vzhled\/at-1054515\/default.aspx n\u00e1zor na zp\u016fsob bydlen\u00ed i \u017eivotn\u00ed styl. Nen\u00ed tedy moudr\u00e9 tvrdit, \u017ee nap\u0159\u00edklad pouze patrov\u00e9 rodinn\u00e9 domy se sedlovou st\u0159echou jsou ta spr\u00e1vn\u00e1 \u0159e\u0161en\u00ed a \u017ee by se m\u011bly stav\u011bt v\u0161ude a nahradit jin\u00e9 domy, kter\u00e9 vypadaj\u00ed jinak. J\u00e1 osobn\u011b m\u00e1m t\u0159eba na to n\u00e1zor takov\u00fd, \u017ee bych rad\u011bji dal p\u0159ednost bydlen\u00ed v n\u00edzk\u00e9m bungalovu p\u0159ed patrov\u00fdm domem. Patrov\u00e9 domy se mi moc l\u00edb\u00ed a sedlov\u00e1 st\u0159echa je velmi ozdobn\u00e1 a kr\u00e1sn\u00e1, ale p\u0159ece jen bych rad\u011bji \u017eil v novostavb\u011b v bungalovu. A v\u00edte pro\u010d?M\u00e1m perfektn\u00ed p\u0159ehled. Uvnit\u0159 bungalovu se v\u0161e odehr\u00e1v\u00e1 na jednom pat\u0159e. Tedy v p\u0159\u00edzem\u00ed. To znamen\u00e1, \u017ee sta\u010d\u00ed uj\u00edt jen p\u00e1r krok\u016f na jedn\u00e9 plo\u0161e a jste z kuchyn\u011b v lo\u017enici, z lo\u017enice v koupeln\u011b atd. Nikde \u017e\u00e1dn\u00e9 schodi\u0161t\u011b. D\u00edky tomu je tak\u00e9 mo\u017en\u00e9 zajistit bezbari\u00e9rov\u00e9 bydlen\u00ed pro h\u016f\u0159e pohybliv\u00e9 osoby.Proslun\u011bn\u00e1 zahrada. \u010c\u00edm vy\u0161\u0161\u00ed je d\u016fm, t\u00edm v\u011bt\u0161\u00ed vrh\u00e1 st\u00edn od slune\u010dn\u00edch paprsk\u016f. Je to vcelku logick\u00e9, tak\u017ee kdy\u017e postav\u00edte na malou zahradu vysok\u00fd objekt, m\u016f\u017ee v\u00e1m zast\u00ednit velkou plochu zahrady a tam se pak nemus\u00ed dob\u0159e da\u0159it mnoha rostlin\u00e1m. S\u00e1m jsem to za\u017eil na zahrad\u011b v m\u00edst\u011b, kter\u00e9 bylo permanentn\u011b zast\u00edn\u011bno. Tam toti\u017e velmi \u0161patn\u011b rostla tr\u00e1va.Elegantn\u00ed vzhled. J\u00e1 osobn\u011b miluji tyto typy objekt\u016f, proto\u017ee mi p\u0159ipadaj\u00ed velmi elegantn\u00ed. I na relativn\u011b mal\u00e9 plo\u0161e zahrady z nich nem\u00e1m pocit, \u017ee by tu byly jako \u201ep\u011bst na oko\u201c.Snaz\u0161\u00ed \u00fadr\u017eba. P\u0159edstavte si, \u017ee pot\u0159ebujete nat\u0159\u00edt fas\u00e1du, d\u016fkladn\u011b um\u00fdt okno, vy\u010distit okap od list\u00ed a vym\u011bnit rozbitou st\u0159e\u0161n\u00ed ta\u0161ku. U bungalovu v\u00e1m na to bude sta\u010dit kr\u00e1tk\u00fd \u017eeb\u0159\u00edk nebo \u0161tafle. N\u011bkdy t\u0159eba ani to ne. Ale u patrov\u00e9 stavby u\u017e m\u016f\u017ee b\u00fdt st\u0159echa velmi vysoko a p\u0159\u00edpadn\u00fd p\u00e1d z \u017eeb\u0159\u00edku ji\u017e m\u016f\u017ee b\u00fdt smrteln\u00fd. Kdysi jsem nat\u00edral okapy ze \u017eeb\u0159\u00edku v p\u0159ibli\u017en\u011b p\u011btimetrov\u00e9 v\u00fd\u0161ce a nem\u011bl jsem z toho dobr\u00fd pocit. U\u017e bych to za\u017e\u00edt necht\u011bl a jsem r\u00e1d, \u017ee se m\u011b tento probl\u00e9m net\u00fdk\u00e1.                                                                                                                                                                                                                                                                                                                                                                                          4.2\/5 - (4 votes)        "},{"@context":"https:\/\/schema.org\/","@type":"BreadcrumbList","itemListElement":[{"@type":"ListItem","position":1,"name":"Co se mi l\u00edb\u00ed na novostavb\u00e1ch typu bungalovu","item":"https:\/\/www.praam.cz\/co-se-mi-libi-na-novostavbach-typu-bungalovu\/#breadcrumbitem"}]}]