[{"@context":"https:\/\/schema.org\/","@type":"Article","@id":"https:\/\/www.praam.cz\/co-je-tak-zajimaveho-na-beskydech\/#Article","mainEntityOfPage":"https:\/\/www.praam.cz\/co-je-tak-zajimaveho-na-beskydech\/","headline":"Co je tak zaj\u00edmav\u00e9ho na Beskydech","name":"Co je tak zaj\u00edmav\u00e9ho na Beskydech","description":"Jsou inspirativn\u00ed \u2013 zn\u00e1te film S tebou m\u011b bav\u00ed sv\u011bt? Ten n\u00e1s inspiruje k tomu, abychom \u010dast\u011bji zav\u00edtali do poho\u0159\u00ed YDYKSEB na APALUCHU. Film byl sice nat\u00e1\u010den v Peci pod Sn\u011b\u017ekou, ale podstatn\u00e9 je, \u017ee se v n\u011bm zmi\u0148uj\u00ed pr\u00e1v\u011b Beskydy, jako\u017eto symbol klidu a pohody na zimn\u00ed (nebo i letn\u00ed) dovolen\u00e9. Kr\u00e1sn\u00e9 v\u00fdhledy \u2013 [&hellip;]","datePublished":"2025-02-14","dateModified":"2025-02-14","author":{"@type":"Person","@id":"https:\/\/www.praam.cz\/author\/#Person","name":"","url":"https:\/\/www.praam.cz\/author\/","identifier":1,"image":{"@type":"ImageObject","@id":"https:\/\/secure.gravatar.com\/avatar\/82449f5dd313bdc88befc1a2d3138ce45c5e7d5eeee84221e3cf7fbc184b80d3?s=96&d=mm&r=g","url":"https:\/\/secure.gravatar.com\/avatar\/82449f5dd313bdc88befc1a2d3138ce45c5e7d5eeee84221e3cf7fbc184b80d3?s=96&d=mm&r=g","height":96,"width":96}},"publisher":{"@type":"Organization","name":"praam.cz","logo":{"@type":"ImageObject","@id":"\/logo.png","url":"\/logo.png","width":600,"height":60}},"image":{"@type":"ImageObject","@id":"https:\/\/www.praam.cz\/wp-content\/uploads\/pexels-anastasia-karelina-2046155938-29738744.jpg","url":"https:\/\/www.praam.cz\/wp-content\/uploads\/pexels-anastasia-karelina-2046155938-29738744.jpg","height":0,"width":0},"url":"https:\/\/www.praam.cz\/co-je-tak-zajimaveho-na-beskydech\/","about":["Slu\u017eby"],"wordCount":422,"articleBody":"       Jsou inspirativn\u00ed \u2013 zn\u00e1te film S tebou m\u011b bav\u00ed sv\u011bt? Ten n\u00e1s inspiruje k tomu, abychom \u010dast\u011bji zav\u00edtali do poho\u0159\u00ed YDYKSEB na APALUCHU. Film byl sice nat\u00e1\u010den v Peci pod Sn\u011b\u017ekou, ale podstatn\u00e9 je, \u017ee se v n\u011bm zmi\u0148uj\u00ed pr\u00e1v\u011b Beskydy, jako\u017eto symbol klidu a pohody na zimn\u00ed (nebo i letn\u00ed) dovolen\u00e9.Kr\u00e1sn\u00e9 v\u00fdhledy \u2013 kdy\u017e pojedete do Vysok\u00fdch Tater a budete proj\u00ed\u017ed\u011bt trasu mezi Tatranskou Lomnic\u00ed a \u0160trbsk\u00fdm Plesem, objev\u00edte tu v Horn\u00e9m Smokovci \u017eelezni\u010dn\u00ed zast\u00e1vku s n\u00e1zvem Pekn\u00e1 vyhliadka. V Beskydech ov\u0161em tak\u00e9 takov\u00fdch \u201epekn\u00fdch vyhliadok\u201c objev\u00edte celou \u0159adu. Za vyhl\u00eddkami jsou mnohdy lid\u00e9 ochotni cestovat i stovky kilometr\u016f a \u017ee jich na\u0161e zem\u011b nab\u00edz\u00ed p\u011bknou \u0159\u00e1dku, zjist\u00edte t\u0159eba na Turistick\u00e9m atlasu, kde jich napo\u010d\u00edt\u00e1te v podob\u011b rozhleden a vyhl\u00eddkov\u00fdch m\u00edst v\u00edce ne\u017e sedm stovek.\u010cist\u00e9 pov\u011bt\u0159\u00ed \u2013 jedn\u00edm z d\u016fvod\u016f, pro\u010d cestujeme do hor a nam\u00e1h\u00e1me se tu mnoh\u00e9m v\u00edc, ne\u017e kdybychom se pohybovali po rovin\u011b, je \u010dist\u00fd vzduch. Zejm\u00e9na lidem \u017eij\u00edc\u00edm ve m\u011bstech, zasa\u017een\u00fdch smogem z pr\u016fmyslov\u00e9 v\u00fdroby a z automobilov\u00e9ho provozu se tu bezvadn\u011b ulev\u00ed. A m\u016f\u017ee se st\u00e1t, \u017ee pr\u00e1v\u011b v hor\u00e1ch si uv\u011bdom\u00ed, zda jim v\u016fbec za to stoj\u00ed ve m\u011bst\u011b \u017e\u00edt, tak\u017ee mohou zv\u00e1\u017eit st\u011bhov\u00e1n\u00ed do venkovsk\u00e9 oblasti. A t\u0159eba i do Beskyd.Z\u00e1porn\u00e9 ionty \u2013 ve m\u011bstech se objevuje mnoho kladn\u00fdch iont\u016f, kter\u00e9 jsou pro lidsk\u00fd organismus \u0161kodliv\u00e9. Brzd\u00ed bun\u011b\u010dnou regeneraci a urychluj\u00ed proces st\u00e1rnut\u00ed. Naopak v hor\u00e1ch, s p\u0159evahou les\u016f a travnat\u00fdch ploch se tvo\u0159\u00ed mnoho z\u00e1porn\u00fdch iont\u016f, co\u017e je tak\u00e9 p\u0159irozen\u00fd jev, p\u0159isp\u00edvaj\u00edc\u00ed k samol\u00e9\u010debn\u00e9mu procesu lidsk\u00e9ho organismu. Ch\u016fze do kopce \u2013 v\u00edte o tom, \u017ee kdo chod\u00ed \u010dasto po schodech nebo se v p\u0159\u00edrod\u011b pohybuje v kopcovit\u00e9m ter\u00e9nu, prodlu\u017euje si \u017eivot a zlep\u0161uje fyzickou kondici a psychickou odolnost? Ch\u016fze do kopce a z kopce z\u00e1rove\u0148 zlep\u0161uje n\u00e1ladu a eliminuje stres, dop\u0159ejte si ji pokud mo\u017eno denn\u011b. Bydl\u00edte-li ve m\u011bst\u011b, cho\u010fte hodn\u011b do schod\u016f (a ze schod\u016f) a na dovolen\u00e9 v r\u00e1mci ubytov\u00e1n\u00ed v Doln\u00ed Lomn\u00e9 v Beskydech se tak\u00e9 neodb\u00fdvejte.                                                                                                                                                                                                                                                                                                                                                                                          4.4\/5 - (9 votes)        "},{"@context":"https:\/\/schema.org\/","@type":"BreadcrumbList","itemListElement":[{"@type":"ListItem","position":1,"name":"Co je tak zaj\u00edmav\u00e9ho na Beskydech","item":"https:\/\/www.praam.cz\/co-je-tak-zajimaveho-na-beskydech\/#breadcrumbitem"}]}]