[{"@context":"https:\/\/schema.org\/","@type":"Article","@id":"https:\/\/www.praam.cz\/chranite-svuj-pocitac-dostatecne\/#Article","mainEntityOfPage":"https:\/\/www.praam.cz\/chranite-svuj-pocitac-dostatecne\/","headline":"Chr\u00e1n\u00edte sv\u016fj po\u010d\u00edta\u010d dostate\u010dn\u011b?","name":"Chr\u00e1n\u00edte sv\u016fj po\u010d\u00edta\u010d dostate\u010dn\u011b?","description":"Notebooky pomalu vyt\u011bsnily klasick\u00e9 stoln\u00ed po\u010d\u00edta\u010de p\u0159edev\u0161\u00edm d\u00edky sv\u00fdm kompaktn\u00edm rozm\u011br\u016fm a mo\u017enosti si ho s sebou br\u00e1t kamkoliv. Dnes v\u011bt\u0161ina lid\u00ed preferuje pr\u00e1v\u011b notebook, i kdy\u017e ho pou\u017e\u00edvaj\u00ed jen doma. Je rozd\u00edl b\u00fdt p\u0159ikovan\u00fd u stoln\u00edho po\u010d\u00edta\u010de a muset tr\u00e1vit \u010das tam a je rozd\u00edl moct si s notebookem sednout na seda\u010dku nebo pracovat [&hellip;]","datePublished":"2025-01-20","dateModified":"2025-01-20","author":{"@type":"Person","@id":"https:\/\/www.praam.cz\/author\/#Person","name":"","url":"https:\/\/www.praam.cz\/author\/","identifier":1,"image":{"@type":"ImageObject","@id":"https:\/\/secure.gravatar.com\/avatar\/82449f5dd313bdc88befc1a2d3138ce45c5e7d5eeee84221e3cf7fbc184b80d3?s=96&d=mm&r=g","url":"https:\/\/secure.gravatar.com\/avatar\/82449f5dd313bdc88befc1a2d3138ce45c5e7d5eeee84221e3cf7fbc184b80d3?s=96&d=mm&r=g","height":96,"width":96}},"publisher":{"@type":"Organization","name":"praam.cz","logo":{"@type":"ImageObject","@id":"\/logo.png","url":"\/logo.png","width":600,"height":60}},"image":{"@type":"ImageObject","@id":"https:\/\/www.praam.cz\/wp-content\/uploads\/pexels-content-pixie-1405717-2836949.jpg","url":"https:\/\/www.praam.cz\/wp-content\/uploads\/pexels-content-pixie-1405717-2836949.jpg","height":0,"width":0},"url":"https:\/\/www.praam.cz\/chranite-svuj-pocitac-dostatecne\/","about":["N\u00e1kupy"],"wordCount":424,"articleBody":"         Notebooky pomalu vyt\u011bsnily klasick\u00e9 stoln\u00ed po\u010d\u00edta\u010de p\u0159edev\u0161\u00edm d\u00edky sv\u00fdm kompaktn\u00edm rozm\u011br\u016fm a mo\u017enosti si ho s sebou br\u00e1t kamkoliv. Dnes v\u011bt\u0161ina lid\u00ed preferuje pr\u00e1v\u011b notebook, i kdy\u017e ho pou\u017e\u00edvaj\u00ed jen doma. Je rozd\u00edl b\u00fdt p\u0159ikovan\u00fd u stoln\u00edho po\u010d\u00edta\u010de a muset tr\u00e1vit \u010das tam a je rozd\u00edl moct si s notebookem sednout na seda\u010dku nebo pracovat do noci t\u0159eba v posteli. Notebook\u016f je v nab\u00eddce cel\u00e1 \u0159ada, ale podobn\u011b jako je tomu u telefon\u016f, i u notebook\u016f v\u00edt\u011bz\u00ed v popularit\u011b v\u00fdrobky od Apple. Notebooky od Apple jsou vybaveny perfektn\u00edm opera\u010dn\u00edm syst\u00e9mem, kter\u00fd u\u017eivatel\u016fm nab\u00edz\u00ed stabilitu a mo\u017enost vyu\u017e\u00edv\u00e1n\u00ed skv\u011bl\u00fdch aplikac\u00ed nejen co se t\u00fd\u010de aplikac\u00ed do kancel\u00e1\u0159e, ale skv\u011ble na n\u011bm funguj\u00ed i grafick\u00e9 programy. I proto je MacBook velmi popul\u00e1rn\u00ed u grafik\u016f, kte\u0159\u00ed stabiln\u00ed syst\u00e9m a variabilitu funkc\u00ed pot\u0159ebuj\u00ed. M\u00edv\u00e1te doma notebook na st\u00e1le stejn\u00e9m m\u00edst\u011b? Nebo ho jednou d\u00e1te pod konferen\u010dn\u00ed stolek, jindy ho m\u00e1te v lo\u017enici na zemi u postele a n\u011bkdy ho m\u00e1te na j\u00eddeln\u00edm stole? Notebook i p\u0159i dom\u00e1c\u00edm pou\u017e\u00edv\u00e1n\u00ed m\u016f\u017ee p\u0159ij\u00edt k \u00farazu. Velmi \u010dast\u00e9 jsou probl\u00e9my zp\u016fsoben\u00e9 polit\u00edm tekutinou nebo p\u00e1dem t\u0159eba ze stolu. MacBook maj\u00ed kr\u00e1sn\u00fd povrch cel\u00e9ho t\u011bla, ov\u0161em snadno se po\u0161kr\u00e1bou i b\u011b\u017en\u00fdm pou\u017e\u00edv\u00e1n\u00edm. Proto je nutn\u00e9 sehnat si obal. Ty se daj\u00ed sehnat p\u0159esn\u011b podle toho jak\u00fd typ MacBook m\u00e1te. U n\u00e1s se\u017eenete spoustu ochrann\u00fdch obal\u016f nejen na iPhony a Apple Watch, ale i na MacBook. Vyberte si obal na MacBook air 13, kter\u00fd m\u016f\u017ee m\u00edt nejen klasickou \u010dernou barvu, ale kter\u00fd m\u016f\u017eete sehnat i v mnoha jin\u00fdch barv\u00e1ch. Obal na notebook byste si rozhodn\u011b m\u011bli po\u0159\u00eddit hlavn\u011b v p\u0159\u00edpad\u011b, \u017ee hodn\u011b voz\u00edte notebook s sebou a pracujete na n\u011bm ve vlaku nebo v kav\u00e1rn\u011b. I zd\u00e1nliv\u00e9 bezpe\u010dn\u00e9 m\u00edsto m\u016f\u017ee b\u00fdt poseto mal\u00fdmi drobky, kter\u00e9 na t\u011ble va\u0161eho MacBook zanechaj\u00ed drobn\u00e9 \u0161kr\u00e1bance. Pro tyto p\u0159\u00edpady je skv\u011bl\u00e9 m\u00edt s sebou obal, na kter\u00fd m\u016f\u017eete po\u010d\u00edta\u010d polo\u017eit.                                                                                                                                                                                                                                                                                                                                                                                          4.5\/5 - (11 votes)        "},{"@context":"https:\/\/schema.org\/","@type":"BreadcrumbList","itemListElement":[{"@type":"ListItem","position":1,"name":"Chr\u00e1n\u00edte sv\u016fj po\u010d\u00edta\u010d dostate\u010dn\u011b?","item":"https:\/\/www.praam.cz\/chranite-svuj-pocitac-dostatecne\/#breadcrumbitem"}]}]