{"@context":"https:\/\/schema.org\/","@type":"CollectionPage","@id":"https:\/\/www.praam.cz\/cestovani\/#CollectionPage","headline":"Cestov\u00e1n\u00ed Category","description":"","url":"https:\/\/www.praam.cz\/cestovani\/","hasPart":[{"@type":"Article","@id":"https:\/\/www.praam.cz\/dubrovnik\/","headline":"Dubrovn\u00edk","url":"https:\/\/www.praam.cz\/dubrovnik\/","datePublished":"2024-08-30","dateModified":"2024-08-30","mainEntityOfPage":"https:\/\/www.praam.cz\/dubrovnik\/","author":{"@type":"Person","@id":"https:\/\/www.praam.cz\/author\/#Person","name":"","url":"https:\/\/www.praam.cz\/author\/","identifier":1,"image":{"@type":"ImageObject","@id":"https:\/\/secure.gravatar.com\/avatar\/82449f5dd313bdc88befc1a2d3138ce45c5e7d5eeee84221e3cf7fbc184b80d3?s=96&d=mm&r=g","url":"https:\/\/secure.gravatar.com\/avatar\/82449f5dd313bdc88befc1a2d3138ce45c5e7d5eeee84221e3cf7fbc184b80d3?s=96&d=mm&r=g","height":96,"width":96}},"publisher":{"@type":"Organization","name":"praam.cz","logo":{"@type":"ImageObject","@id":"\/logo.png","url":"\/logo.png","width":600,"height":60}},"image":{"@type":"ImageObject","@id":"https:\/\/www.praam.cz\/wp-content\/uploads\/dubrovnik-5214286_640_10_10_1.jpg","url":"https:\/\/www.praam.cz\/wp-content\/uploads\/dubrovnik-5214286_640_10_10_1.jpg","height":0,"width":0},"keywords":null},{"@type":"Article","@id":"https:\/\/www.praam.cz\/valentyn-na-cestach\/","headline":"Valent\u00fdn na cest\u00e1ch","url":"https:\/\/www.praam.cz\/valentyn-na-cestach\/","datePublished":"2023-05-22","dateModified":"2024-01-23","mainEntityOfPage":"https:\/\/www.praam.cz\/valentyn-na-cestach\/","author":{"@type":"Person","@id":"https:\/\/www.praam.cz\/author\/#Person","name":"","url":"https:\/\/www.praam.cz\/author\/","identifier":1,"image":{"@type":"ImageObject","@id":"https:\/\/secure.gravatar.com\/avatar\/82449f5dd313bdc88befc1a2d3138ce45c5e7d5eeee84221e3cf7fbc184b80d3?s=96&d=mm&r=g","url":"https:\/\/secure.gravatar.com\/avatar\/82449f5dd313bdc88befc1a2d3138ce45c5e7d5eeee84221e3cf7fbc184b80d3?s=96&d=mm&r=g","height":96,"width":96}},"publisher":{"@type":"Organization","name":"praam.cz","logo":{"@type":"ImageObject","@id":"\/logo.png","url":"\/logo.png","width":600,"height":60}},"image":{"@type":"ImageObject","@id":"https:\/\/www.praam.cz\/wp-content\/uploads\/eeeeeeeee_10_4.jpg","url":"https:\/\/www.praam.cz\/wp-content\/uploads\/eeeeeeeee_10_4.jpg","height":0,"width":0},"keywords":null},{"@type":"Article","@id":"https:\/\/www.praam.cz\/cestovani-na-vlastni-pest\/","headline":"Cestov\u00e1n\u00ed na vlastn\u00ed p\u011bst","url":"https:\/\/www.praam.cz\/cestovani-na-vlastni-pest\/","datePublished":"2022-07-26","dateModified":"2023-05-03","mainEntityOfPage":"https:\/\/www.praam.cz\/cestovani-na-vlastni-pest\/","author":{"@type":"Person","@id":"https:\/\/www.praam.cz\/author\/#Person","name":"","url":"https:\/\/www.praam.cz\/author\/","identifier":1,"image":{"@type":"ImageObject","@id":"https:\/\/secure.gravatar.com\/avatar\/82449f5dd313bdc88befc1a2d3138ce45c5e7d5eeee84221e3cf7fbc184b80d3?s=96&d=mm&r=g","url":"https:\/\/secure.gravatar.com\/avatar\/82449f5dd313bdc88befc1a2d3138ce45c5e7d5eeee84221e3cf7fbc184b80d3?s=96&d=mm&r=g","height":96,"width":96}},"publisher":{"@type":"Organization","name":"praam.cz","logo":{"@type":"ImageObject","@id":"\/logo.png","url":"\/logo.png","width":600,"height":60}},"image":{"@type":"ImageObject","@id":"https:\/\/www.praam.cz\/wp-content\/uploads\/globe-trotter-1828079_640.jpg","url":"https:\/\/www.praam.cz\/wp-content\/uploads\/globe-trotter-1828079_640.jpg","height":0,"width":0},"keywords":null},{"@type":"Article","@id":"https:\/\/www.praam.cz\/poznavani-novych-mist\/","headline":"Pozn\u00e1v\u00e1n\u00ed nov\u00fdch m\u00edst","url":"https:\/\/www.praam.cz\/poznavani-novych-mist\/","datePublished":"2021-08-27","dateModified":"2023-05-03","mainEntityOfPage":"https:\/\/www.praam.cz\/poznavani-novych-mist\/","author":{"@type":"Person","@id":"https:\/\/www.praam.cz\/author\/#Person","name":"","url":"https:\/\/www.praam.cz\/author\/","identifier":1,"image":{"@type":"ImageObject","@id":"https:\/\/secure.gravatar.com\/avatar\/82449f5dd313bdc88befc1a2d3138ce45c5e7d5eeee84221e3cf7fbc184b80d3?s=96&d=mm&r=g","url":"https:\/\/secure.gravatar.com\/avatar\/82449f5dd313bdc88befc1a2d3138ce45c5e7d5eeee84221e3cf7fbc184b80d3?s=96&d=mm&r=g","height":96,"width":96}},"publisher":{"@type":"Organization","name":"praam.cz","logo":{"@type":"ImageObject","@id":"\/logo.png","url":"\/logo.png","width":600,"height":60}},"image":{"@type":"ImageObject","@id":"https:\/\/www.praam.cz\/wp-content\/uploads\/cancun-1235489_960_720.jpg","url":"https:\/\/www.praam.cz\/wp-content\/uploads\/cancun-1235489_960_720.jpg","height":0,"width":0},"keywords":null},{"@type":"Article","@id":"https:\/\/www.praam.cz\/jak-sbalit-lekarnicku-na-cesty\/","headline":"Jak sbalit l\u00e9k\u00e1rni\u010dku na cesty","url":"https:\/\/www.praam.cz\/jak-sbalit-lekarnicku-na-cesty\/","datePublished":"2021-08-22","dateModified":"2023-05-03","mainEntityOfPage":"https:\/\/www.praam.cz\/jak-sbalit-lekarnicku-na-cesty\/","author":{"@type":"Person","@id":"https:\/\/www.praam.cz\/author\/#Person","name":"","url":"https:\/\/www.praam.cz\/author\/","identifier":1,"image":{"@type":"ImageObject","@id":"https:\/\/secure.gravatar.com\/avatar\/82449f5dd313bdc88befc1a2d3138ce45c5e7d5eeee84221e3cf7fbc184b80d3?s=96&d=mm&r=g","url":"https:\/\/secure.gravatar.com\/avatar\/82449f5dd313bdc88befc1a2d3138ce45c5e7d5eeee84221e3cf7fbc184b80d3?s=96&d=mm&r=g","height":96,"width":96}},"publisher":{"@type":"Organization","name":"praam.cz","logo":{"@type":"ImageObject","@id":"\/logo.png","url":"\/logo.png","width":600,"height":60}},"image":{"@type":"ImageObject","@id":"https:\/\/www.praam.cz\/wp-content\/uploads\/beach-g07a65b6fc_640_1.jpg","url":"https:\/\/www.praam.cz\/wp-content\/uploads\/beach-g07a65b6fc_640_1.jpg","height":0,"width":0},"keywords":null},{"@type":"Article","@id":"https:\/\/www.praam.cz\/na-jaky-ostrov-se-vypravite-vy\/","headline":"Na jak\u00fd ostrov se vyprav\u00edte Vy?","url":"https:\/\/www.praam.cz\/na-jaky-ostrov-se-vypravite-vy\/","datePublished":"2019-11-25","dateModified":"2023-05-03","mainEntityOfPage":"https:\/\/www.praam.cz\/na-jaky-ostrov-se-vypravite-vy\/","author":{"@type":"Person","@id":"https:\/\/www.praam.cz\/author\/#Person","name":"","url":"https:\/\/www.praam.cz\/author\/","identifier":1,"image":{"@type":"ImageObject","@id":"https:\/\/secure.gravatar.com\/avatar\/82449f5dd313bdc88befc1a2d3138ce45c5e7d5eeee84221e3cf7fbc184b80d3?s=96&d=mm&r=g","url":"https:\/\/secure.gravatar.com\/avatar\/82449f5dd313bdc88befc1a2d3138ce45c5e7d5eeee84221e3cf7fbc184b80d3?s=96&d=mm&r=g","height":96,"width":96}},"publisher":{"@type":"Organization","name":"praam.cz","logo":{"@type":"ImageObject","@id":"\/logo.png","url":"\/logo.png","width":600,"height":60}},"image":{"@type":"ImageObject","@id":"https:\/\/www.praam.cz\/wp-content\/uploads\/img_a361585_w3351_t1574786890.png","url":"https:\/\/www.praam.cz\/wp-content\/uploads\/img_a361585_w3351_t1574786890.png","height":0,"width":0},"keywords":null},{"@type":"Article","@id":"https:\/\/www.praam.cz\/bretan-nedocenene-zlato-francie\/","headline":"Breta\u0148 \u2013 nedocen\u011bn\u00e9 zlato Francie","url":"https:\/\/www.praam.cz\/bretan-nedocenene-zlato-francie\/","datePublished":"2019-10-17","dateModified":"2023-05-03","mainEntityOfPage":"https:\/\/www.praam.cz\/bretan-nedocenene-zlato-francie\/","author":{"@type":"Person","@id":"https:\/\/www.praam.cz\/author\/#Person","name":"","url":"https:\/\/www.praam.cz\/author\/","identifier":1,"image":{"@type":"ImageObject","@id":"https:\/\/secure.gravatar.com\/avatar\/82449f5dd313bdc88befc1a2d3138ce45c5e7d5eeee84221e3cf7fbc184b80d3?s=96&d=mm&r=g","url":"https:\/\/secure.gravatar.com\/avatar\/82449f5dd313bdc88befc1a2d3138ce45c5e7d5eeee84221e3cf7fbc184b80d3?s=96&d=mm&r=g","height":96,"width":96}},"publisher":{"@type":"Organization","name":"praam.cz","logo":{"@type":"ImageObject","@id":"\/logo.png","url":"\/logo.png","width":600,"height":60}},"image":{"@type":"ImageObject","@id":"https:\/\/www.praam.cz\/wp-content\/uploads\/img_a356213_w3351_t1570898540.jpg","url":"https:\/\/www.praam.cz\/wp-content\/uploads\/img_a356213_w3351_t1570898540.jpg","height":0,"width":0},"keywords":null}]}